{"id":243561,"date":"2024-02-06T12:27:06","date_gmt":"2024-02-06T12:27:06","guid":{"rendered":"https:\/\/new.adkomo.com\/la-decada-nadella-de-gigante-lento-a-lider-en-ia\/"},"modified":"2026-04-22T10:42:23","modified_gmt":"2026-04-22T10:42:23","slug":"la-decada-nadella-de-gigante-lento-a-lider-en-ia","status":"publish","type":"post","link":"https:\/\/www.adkomo.com\/es\/la-decada-nadella-de-gigante-lento-a-lider-en-ia\/","title":{"rendered":"La \u201cd\u00e9cada Nadella\u201d: de gigante lento a l\u00edder en IA"},"content":{"rendered":"\t\t<div data-elementor-type=\"wp-post\" data-elementor-id=\"243561\" class=\"elementor elementor-243561 elementor-3601\" data-elementor-post-type=\"post\">\n\t\t\t\t<div class=\"elementor-element elementor-element-e1f7877 e-flex e-con-boxed e-con e-parent\" data-id=\"e1f7877\" data-element_type=\"container\" data-e-type=\"container\">\n\t\t\t\t\t<div class=\"e-con-inner\">\n\t\t\t\t<div class=\"elementor-element elementor-element-04419c0 elementor-widget elementor-widget-text-editor\" data-id=\"04419c0\" data-element_type=\"widget\" data-e-type=\"widget\" data-widget_type=\"text-editor.default\">\n\t\t\t\t<div class=\"elementor-widget-container\">\n\t\t\t\t\t\t\t\t\t<p>Diez a\u00f1os al frente de Microsoft, y Satya Nadella ha guiado al gigante del software a trav\u00e9s de una transformaci\u00f3n notable. Atr\u00e1s quedaron los d\u00edas en que la empresa depend\u00eda \u00fanicamente de Windows y de sus ingresos por licencias: Microsoft ha adoptado la computaci\u00f3n en la nube y la inteligencia artificial, lo que la ha impulsado a nuevas alturas. <\/p><p data-sourcepos=\"5:1-5:31\"><strong>Una estrella en bolsa:<\/strong><\/p><p data-sourcepos=\"7:1-7:384\">Desde que Nadella asumi\u00f3 el cargo en 2014, las acciones de Microsoft han subido m\u00e1s de un 1.000 %, superando ampliamente el crecimiento del S&amp;P 500. La empresa cuenta ahora con una capitalizaci\u00f3n burs\u00e1til superior a los 3 billones de d\u00f3lares, superando incluso a Apple, su rival hist\u00f3rico. Este \u00e9xito ha llevado a que Nadella sea considerado el arquitecto de \u201cposiblemente la mayor transformaci\u00f3n de una empresa tecnol\u00f3gica de la historia\u201d, seg\u00fan analistas del sector.  <\/p><p data-sourcepos=\"9:1-9:27\"><strong>M\u00e1s que cifras:<\/strong><\/p><p data-sourcepos=\"11:1-11:457\">La transformaci\u00f3n va m\u00e1s all\u00e1 de los resultados financieros. Nadella ha fomentado una cultura m\u00e1s colaborativa, dejando atr\u00e1s la reputaci\u00f3n de Microsoft como una empresa dura y con conflictos internos. Prioriza la accesibilidad, influido por su experiencia personal como padre de un hijo con discapacidad. Este cambio de valores ha tenido eco entre empleados, socios e incluso peque\u00f1as startups como Audio Radar, una empresa que desarrolla tecnolog\u00eda de visualizaci\u00f3n de sonido para jugadores sordos y con problemas de audici\u00f3n.   <\/p><p data-sourcepos=\"13:1-13:30\"><strong>La IA: clave del futuro:<\/strong><\/p><p data-sourcepos=\"15:1-15:352\">El enfoque de Nadella en la inteligencia artificial ha sido fundamental para el reciente crecimiento de Microsoft. La empresa se ha convertido en l\u00edder en este campo, marcando en parte la agenda sobre c\u00f3mo puede utilizarse la IA en distintos sectores. La asociaci\u00f3n estrat\u00e9gica de Nadella con OpenAI, creadora de ChatGPT, ha sido un movimiento clave, dando a Microsoft una ventaja importante frente a competidores como Google y Amazon.  <\/p><p data-sourcepos=\"17:1-17:22\"><strong>Desaf\u00edos que persisten:<\/strong><\/p><p data-sourcepos=\"19:1-19:359\">A pesar de los \u00e9xitos, Nadella sigue enfrentando desaf\u00edos. Las preocupaciones sobre ciberseguridad contin\u00faan, y algunos expertos se\u00f1alan la tendencia de Microsoft a priorizar la comodidad sobre la seguridad. Las recientes filtraciones de datos relacionadas con Microsoft Office 365 son ejemplos preocupantes. Adem\u00e1s, la empresa sigue bajo el escrutinio de las autoridades antimonopolio, recordando las batallas legales de las \u00e9pocas de Gates y Ballmer.   <\/p><p data-sourcepos=\"21:1-21:23\"><strong>Sigue al frente:<\/strong><\/p><p data-sourcepos=\"23:1-23:179\">A sus 56 a\u00f1os, sin se\u00f1ales de desaceleraci\u00f3n, Nadella sigue firmemente al mando. Disfruta de su papel, y los analistas prev\u00e9n que continuar\u00e1 liderando Microsoft en estos tiempos de transformaci\u00f3n. <\/p><p data-sourcepos=\"25:1-25:18\"><strong>Puntos clave:<\/strong><\/p><ul data-sourcepos=\"27:1-32:0\"><li data-sourcepos=\"27:1-27:93\">El liderazgo de Nadella ha transformado Microsoft de un gigante lento a un l\u00edder en IA.<\/li><li data-sourcepos=\"28:1-28:72\">El valor de la acci\u00f3n ha aumentado significativamente, superando incluso a Apple en capitalizaci\u00f3n.<\/li><li data-sourcepos=\"29:1-29:78\">Nadella ha impulsado una cultura m\u00e1s colaborativa y centrada en la accesibilidad.<\/li><li data-sourcepos=\"30:1-30:85\">La IA es clave para el futuro de Microsoft, con la alianza con OpenAI como ventaja estrat\u00e9gica.<\/li><li data-sourcepos=\"31:1-32:0\">La ciberseguridad y la supervisi\u00f3n antimonopolio siguen siendo retos importantes.<\/li><\/ul>\t\t\t\t\t\t\t\t<\/div>\n\t\t\t\t<\/div>\n\t\t\t\t\t<\/div>\n\t\t\t\t<\/div>\n\t\t\t\t<\/div>\n\t\t","protected":false},"excerpt":{"rendered":"<p>Diez a\u00f1os al frente de Microsoft, y Satya Nadella ha guiado al gigante del software a trav\u00e9s de una transformaci\u00f3n notable. Atr\u00e1s quedaron los d\u00edas en que la empresa depend\u00eda \u00fanicamente de Windows y de sus ingresos por licencias: Microsoft ha adoptado la computaci\u00f3n en la nube y la inteligencia artificial, lo que la ha [&hellip;]<\/p>\n","protected":false},"author":1,"featured_media":243562,"comment_status":"open","ping_status":"open","sticky":false,"template":"","format":"standard","meta":{"footnotes":""},"categories":[85],"tags":[91],"class_list":["post-243561","post","type-post","status-publish","format-standard","has-post-thumbnail","hentry","category-noticias-del-sector","tag-ai"],"yoast_head":"<!-- This site is optimized with the Yoast SEO plugin v27.2 - https:\/\/yoast.com\/product\/yoast-seo-wordpress\/ -->\n<title>La \u201cd\u00e9cada Nadella\u201d: de gigante lento a l\u00edder en IA - Adkomo<\/title>\n<meta name=\"robots\" content=\"index, follow, max-snippet:-1, max-image-preview:large, max-video-preview:-1\" \/>\n<link rel=\"canonical\" href=\"https:\/\/www.adkomo.com\/es\/la-decada-nadella-de-gigante-lento-a-lider-en-ia\/\" \/>\n<meta property=\"og:locale\" content=\"es_ES\" \/>\n<meta property=\"og:type\" content=\"article\" \/>\n<meta property=\"og:title\" content=\"La \u201cd\u00e9cada Nadella\u201d: de gigante lento a l\u00edder en IA - Adkomo\" \/>\n<meta property=\"og:description\" content=\"Diez a\u00f1os al frente de Microsoft, y Satya Nadella ha guiado al gigante del software a trav\u00e9s de una transformaci\u00f3n notable. Atr\u00e1s quedaron los d\u00edas en que la empresa depend\u00eda \u00fanicamente de Windows y de sus ingresos por licencias: Microsoft ha adoptado la computaci\u00f3n en la nube y la inteligencia artificial, lo que la ha [&hellip;]\" \/>\n<meta property=\"og:url\" content=\"https:\/\/www.adkomo.com\/es\/la-decada-nadella-de-gigante-lento-a-lider-en-ia\/\" \/>\n<meta property=\"og:site_name\" content=\"Adkomo\" \/>\n<meta property=\"article:published_time\" content=\"2024-02-06T12:27:06+00:00\" \/>\n<meta property=\"article:modified_time\" content=\"2026-04-22T10:42:23+00:00\" \/>\n<meta property=\"og:image\" content=\"https:\/\/www.adkomo.com\/wp-content\/uploads\/2024\/02\/nadella.jpg\" \/>\n\t<meta property=\"og:image:width\" content=\"1410\" \/>\n\t<meta property=\"og:image:height\" content=\"971\" \/>\n\t<meta property=\"og:image:type\" content=\"image\/jpeg\" \/>\n<meta name=\"author\" content=\"marketing_new\" \/>\n<meta name=\"twitter:card\" content=\"summary_large_image\" \/>\n<meta name=\"twitter:label1\" content=\"Escrito por\" \/>\n\t<meta name=\"twitter:data1\" content=\"marketing_new\" \/>\n\t<meta name=\"twitter:label2\" content=\"Tiempo de lectura\" \/>\n\t<meta name=\"twitter:data2\" content=\"3 minutos\" \/>\n<script type=\"application\/ld+json\" class=\"yoast-schema-graph\">{\"@context\":\"https:\/\/schema.org\",\"@graph\":[{\"@type\":\"Article\",\"@id\":\"https:\/\/www.adkomo.com\/es\/la-decada-nadella-de-gigante-lento-a-lider-en-ia\/#article\",\"isPartOf\":{\"@id\":\"https:\/\/www.adkomo.com\/es\/la-decada-nadella-de-gigante-lento-a-lider-en-ia\/\"},\"author\":{\"name\":\"marketing_new\",\"@id\":\"https:\/\/www.adkomo.com\/es\/#\/schema\/person\/7644795dc0eb395ebe1f8c4b3bc03826\"},\"headline\":\"La \u201cd\u00e9cada Nadella\u201d: de gigante lento a l\u00edder en IA\",\"datePublished\":\"2024-02-06T12:27:06+00:00\",\"dateModified\":\"2026-04-22T10:42:23+00:00\",\"mainEntityOfPage\":{\"@id\":\"https:\/\/www.adkomo.com\/es\/la-decada-nadella-de-gigante-lento-a-lider-en-ia\/\"},\"wordCount\":517,\"commentCount\":0,\"publisher\":{\"@id\":\"https:\/\/www.adkomo.com\/es\/#organization\"},\"image\":{\"@id\":\"https:\/\/www.adkomo.com\/es\/la-decada-nadella-de-gigante-lento-a-lider-en-ia\/#primaryimage\"},\"thumbnailUrl\":\"https:\/\/www.adkomo.com\/wp-content\/uploads\/2024\/02\/nadella.jpg\",\"keywords\":[\"AI\"],\"articleSection\":[\"Noticias del sector\"],\"inLanguage\":\"es\",\"potentialAction\":[{\"@type\":\"CommentAction\",\"name\":\"Comment\",\"target\":[\"https:\/\/www.adkomo.com\/es\/la-decada-nadella-de-gigante-lento-a-lider-en-ia\/#respond\"]}]},{\"@type\":\"WebPage\",\"@id\":\"https:\/\/www.adkomo.com\/es\/la-decada-nadella-de-gigante-lento-a-lider-en-ia\/\",\"url\":\"https:\/\/www.adkomo.com\/es\/la-decada-nadella-de-gigante-lento-a-lider-en-ia\/\",\"name\":\"La \u201cd\u00e9cada Nadella\u201d: de gigante lento a l\u00edder en IA - Adkomo\",\"isPartOf\":{\"@id\":\"https:\/\/www.adkomo.com\/es\/#website\"},\"primaryImageOfPage\":{\"@id\":\"https:\/\/www.adkomo.com\/es\/la-decada-nadella-de-gigante-lento-a-lider-en-ia\/#primaryimage\"},\"image\":{\"@id\":\"https:\/\/www.adkomo.com\/es\/la-decada-nadella-de-gigante-lento-a-lider-en-ia\/#primaryimage\"},\"thumbnailUrl\":\"https:\/\/www.adkomo.com\/wp-content\/uploads\/2024\/02\/nadella.jpg\",\"datePublished\":\"2024-02-06T12:27:06+00:00\",\"dateModified\":\"2026-04-22T10:42:23+00:00\",\"breadcrumb\":{\"@id\":\"https:\/\/www.adkomo.com\/es\/la-decada-nadella-de-gigante-lento-a-lider-en-ia\/#breadcrumb\"},\"inLanguage\":\"es\",\"potentialAction\":[{\"@type\":\"ReadAction\",\"target\":[\"https:\/\/www.adkomo.com\/es\/la-decada-nadella-de-gigante-lento-a-lider-en-ia\/\"]}]},{\"@type\":\"ImageObject\",\"inLanguage\":\"es\",\"@id\":\"https:\/\/www.adkomo.com\/es\/la-decada-nadella-de-gigante-lento-a-lider-en-ia\/#primaryimage\",\"url\":\"https:\/\/www.adkomo.com\/wp-content\/uploads\/2024\/02\/nadella.jpg\",\"contentUrl\":\"https:\/\/www.adkomo.com\/wp-content\/uploads\/2024\/02\/nadella.jpg\",\"width\":1410,\"height\":971},{\"@type\":\"BreadcrumbList\",\"@id\":\"https:\/\/www.adkomo.com\/es\/la-decada-nadella-de-gigante-lento-a-lider-en-ia\/#breadcrumb\",\"itemListElement\":[{\"@type\":\"ListItem\",\"position\":1,\"name\":\"Home\",\"item\":\"https:\/\/www.adkomo.com\/es\/\"},{\"@type\":\"ListItem\",\"position\":2,\"name\":\"La \u201cd\u00e9cada Nadella\u201d: de gigante lento a l\u00edder en IA\"}]},{\"@type\":\"WebSite\",\"@id\":\"https:\/\/www.adkomo.com\/es\/#website\",\"url\":\"https:\/\/www.adkomo.com\/es\/\",\"name\":\"Adkomo\",\"description\":\"\",\"publisher\":{\"@id\":\"https:\/\/www.adkomo.com\/es\/#organization\"},\"potentialAction\":[{\"@type\":\"SearchAction\",\"target\":{\"@type\":\"EntryPoint\",\"urlTemplate\":\"https:\/\/www.adkomo.com\/es\/?s={search_term_string}\"},\"query-input\":{\"@type\":\"PropertyValueSpecification\",\"valueRequired\":true,\"valueName\":\"search_term_string\"}}],\"inLanguage\":\"es\"},{\"@type\":\"Organization\",\"@id\":\"https:\/\/www.adkomo.com\/es\/#organization\",\"name\":\"Adkomo\",\"url\":\"https:\/\/www.adkomo.com\/es\/\",\"logo\":{\"@type\":\"ImageObject\",\"inLanguage\":\"es\",\"@id\":\"https:\/\/www.adkomo.com\/es\/#\/schema\/logo\/image\/\",\"url\":\"https:\/\/www.adkomo.com\/wp-content\/uploads\/2025\/04\/Adkomo-logo.svg\",\"contentUrl\":\"https:\/\/www.adkomo.com\/wp-content\/uploads\/2025\/04\/Adkomo-logo.svg\",\"caption\":\"Adkomo\"},\"image\":{\"@id\":\"https:\/\/www.adkomo.com\/es\/#\/schema\/logo\/image\/\"}},{\"@type\":\"Person\",\"@id\":\"https:\/\/www.adkomo.com\/es\/#\/schema\/person\/7644795dc0eb395ebe1f8c4b3bc03826\",\"name\":\"marketing_new\",\"image\":{\"@type\":\"ImageObject\",\"inLanguage\":\"es\",\"@id\":\"https:\/\/secure.gravatar.com\/avatar\/56fa9e57fb50ba30eb12d5f4c19bd679275a766bf411aefb60daa499a79c5d32?s=96&d=mm&r=g\",\"url\":\"https:\/\/secure.gravatar.com\/avatar\/56fa9e57fb50ba30eb12d5f4c19bd679275a766bf411aefb60daa499a79c5d32?s=96&d=mm&r=g\",\"contentUrl\":\"https:\/\/secure.gravatar.com\/avatar\/56fa9e57fb50ba30eb12d5f4c19bd679275a766bf411aefb60daa499a79c5d32?s=96&d=mm&r=g\",\"caption\":\"marketing_new\"},\"sameAs\":[\"https:\/\/www.adkomo.com\"],\"url\":\"https:\/\/www.adkomo.com\/es\/author\/marketing_new\/\"}]}<\/script>\n<!-- \/ Yoast SEO plugin. -->","yoast_head_json":{"title":"La \u201cd\u00e9cada Nadella\u201d: de gigante lento a l\u00edder en IA - Adkomo","robots":{"index":"index","follow":"follow","max-snippet":"max-snippet:-1","max-image-preview":"max-image-preview:large","max-video-preview":"max-video-preview:-1"},"canonical":"https:\/\/www.adkomo.com\/es\/la-decada-nadella-de-gigante-lento-a-lider-en-ia\/","og_locale":"es_ES","og_type":"article","og_title":"La \u201cd\u00e9cada Nadella\u201d: de gigante lento a l\u00edder en IA - Adkomo","og_description":"Diez a\u00f1os al frente de Microsoft, y Satya Nadella ha guiado al gigante del software a trav\u00e9s de una transformaci\u00f3n notable. Atr\u00e1s quedaron los d\u00edas en que la empresa depend\u00eda \u00fanicamente de Windows y de sus ingresos por licencias: Microsoft ha adoptado la computaci\u00f3n en la nube y la inteligencia artificial, lo que la ha [&hellip;]","og_url":"https:\/\/www.adkomo.com\/es\/la-decada-nadella-de-gigante-lento-a-lider-en-ia\/","og_site_name":"Adkomo","article_published_time":"2024-02-06T12:27:06+00:00","article_modified_time":"2026-04-22T10:42:23+00:00","og_image":[{"width":1410,"height":971,"url":"https:\/\/www.adkomo.com\/wp-content\/uploads\/2024\/02\/nadella.jpg","type":"image\/jpeg"}],"author":"marketing_new","twitter_card":"summary_large_image","twitter_misc":{"Escrito por":"marketing_new","Tiempo de lectura":"3 minutos"},"schema":{"@context":"https:\/\/schema.org","@graph":[{"@type":"Article","@id":"https:\/\/www.adkomo.com\/es\/la-decada-nadella-de-gigante-lento-a-lider-en-ia\/#article","isPartOf":{"@id":"https:\/\/www.adkomo.com\/es\/la-decada-nadella-de-gigante-lento-a-lider-en-ia\/"},"author":{"name":"marketing_new","@id":"https:\/\/www.adkomo.com\/es\/#\/schema\/person\/7644795dc0eb395ebe1f8c4b3bc03826"},"headline":"La \u201cd\u00e9cada Nadella\u201d: de gigante lento a l\u00edder en IA","datePublished":"2024-02-06T12:27:06+00:00","dateModified":"2026-04-22T10:42:23+00:00","mainEntityOfPage":{"@id":"https:\/\/www.adkomo.com\/es\/la-decada-nadella-de-gigante-lento-a-lider-en-ia\/"},"wordCount":517,"commentCount":0,"publisher":{"@id":"https:\/\/www.adkomo.com\/es\/#organization"},"image":{"@id":"https:\/\/www.adkomo.com\/es\/la-decada-nadella-de-gigante-lento-a-lider-en-ia\/#primaryimage"},"thumbnailUrl":"https:\/\/www.adkomo.com\/wp-content\/uploads\/2024\/02\/nadella.jpg","keywords":["AI"],"articleSection":["Noticias del sector"],"inLanguage":"es","potentialAction":[{"@type":"CommentAction","name":"Comment","target":["https:\/\/www.adkomo.com\/es\/la-decada-nadella-de-gigante-lento-a-lider-en-ia\/#respond"]}]},{"@type":"WebPage","@id":"https:\/\/www.adkomo.com\/es\/la-decada-nadella-de-gigante-lento-a-lider-en-ia\/","url":"https:\/\/www.adkomo.com\/es\/la-decada-nadella-de-gigante-lento-a-lider-en-ia\/","name":"La \u201cd\u00e9cada Nadella\u201d: de gigante lento a l\u00edder en IA - Adkomo","isPartOf":{"@id":"https:\/\/www.adkomo.com\/es\/#website"},"primaryImageOfPage":{"@id":"https:\/\/www.adkomo.com\/es\/la-decada-nadella-de-gigante-lento-a-lider-en-ia\/#primaryimage"},"image":{"@id":"https:\/\/www.adkomo.com\/es\/la-decada-nadella-de-gigante-lento-a-lider-en-ia\/#primaryimage"},"thumbnailUrl":"https:\/\/www.adkomo.com\/wp-content\/uploads\/2024\/02\/nadella.jpg","datePublished":"2024-02-06T12:27:06+00:00","dateModified":"2026-04-22T10:42:23+00:00","breadcrumb":{"@id":"https:\/\/www.adkomo.com\/es\/la-decada-nadella-de-gigante-lento-a-lider-en-ia\/#breadcrumb"},"inLanguage":"es","potentialAction":[{"@type":"ReadAction","target":["https:\/\/www.adkomo.com\/es\/la-decada-nadella-de-gigante-lento-a-lider-en-ia\/"]}]},{"@type":"ImageObject","inLanguage":"es","@id":"https:\/\/www.adkomo.com\/es\/la-decada-nadella-de-gigante-lento-a-lider-en-ia\/#primaryimage","url":"https:\/\/www.adkomo.com\/wp-content\/uploads\/2024\/02\/nadella.jpg","contentUrl":"https:\/\/www.adkomo.com\/wp-content\/uploads\/2024\/02\/nadella.jpg","width":1410,"height":971},{"@type":"BreadcrumbList","@id":"https:\/\/www.adkomo.com\/es\/la-decada-nadella-de-gigante-lento-a-lider-en-ia\/#breadcrumb","itemListElement":[{"@type":"ListItem","position":1,"name":"Home","item":"https:\/\/www.adkomo.com\/es\/"},{"@type":"ListItem","position":2,"name":"La \u201cd\u00e9cada Nadella\u201d: de gigante lento a l\u00edder en IA"}]},{"@type":"WebSite","@id":"https:\/\/www.adkomo.com\/es\/#website","url":"https:\/\/www.adkomo.com\/es\/","name":"Adkomo","description":"","publisher":{"@id":"https:\/\/www.adkomo.com\/es\/#organization"},"potentialAction":[{"@type":"SearchAction","target":{"@type":"EntryPoint","urlTemplate":"https:\/\/www.adkomo.com\/es\/?s={search_term_string}"},"query-input":{"@type":"PropertyValueSpecification","valueRequired":true,"valueName":"search_term_string"}}],"inLanguage":"es"},{"@type":"Organization","@id":"https:\/\/www.adkomo.com\/es\/#organization","name":"Adkomo","url":"https:\/\/www.adkomo.com\/es\/","logo":{"@type":"ImageObject","inLanguage":"es","@id":"https:\/\/www.adkomo.com\/es\/#\/schema\/logo\/image\/","url":"https:\/\/www.adkomo.com\/wp-content\/uploads\/2025\/04\/Adkomo-logo.svg","contentUrl":"https:\/\/www.adkomo.com\/wp-content\/uploads\/2025\/04\/Adkomo-logo.svg","caption":"Adkomo"},"image":{"@id":"https:\/\/www.adkomo.com\/es\/#\/schema\/logo\/image\/"}},{"@type":"Person","@id":"https:\/\/www.adkomo.com\/es\/#\/schema\/person\/7644795dc0eb395ebe1f8c4b3bc03826","name":"marketing_new","image":{"@type":"ImageObject","inLanguage":"es","@id":"https:\/\/secure.gravatar.com\/avatar\/56fa9e57fb50ba30eb12d5f4c19bd679275a766bf411aefb60daa499a79c5d32?s=96&d=mm&r=g","url":"https:\/\/secure.gravatar.com\/avatar\/56fa9e57fb50ba30eb12d5f4c19bd679275a766bf411aefb60daa499a79c5d32?s=96&d=mm&r=g","contentUrl":"https:\/\/secure.gravatar.com\/avatar\/56fa9e57fb50ba30eb12d5f4c19bd679275a766bf411aefb60daa499a79c5d32?s=96&d=mm&r=g","caption":"marketing_new"},"sameAs":["https:\/\/www.adkomo.com"],"url":"https:\/\/www.adkomo.com\/es\/author\/marketing_new\/"}]}},"_links":{"self":[{"href":"https:\/\/www.adkomo.com\/es\/wp-json\/wp\/v2\/posts\/243561","targetHints":{"allow":["GET"]}}],"collection":[{"href":"https:\/\/www.adkomo.com\/es\/wp-json\/wp\/v2\/posts"}],"about":[{"href":"https:\/\/www.adkomo.com\/es\/wp-json\/wp\/v2\/types\/post"}],"author":[{"embeddable":true,"href":"https:\/\/www.adkomo.com\/es\/wp-json\/wp\/v2\/users\/1"}],"replies":[{"embeddable":true,"href":"https:\/\/www.adkomo.com\/es\/wp-json\/wp\/v2\/comments?post=243561"}],"version-history":[{"count":1,"href":"https:\/\/www.adkomo.com\/es\/wp-json\/wp\/v2\/posts\/243561\/revisions"}],"predecessor-version":[{"id":243563,"href":"https:\/\/www.adkomo.com\/es\/wp-json\/wp\/v2\/posts\/243561\/revisions\/243563"}],"wp:featuredmedia":[{"embeddable":true,"href":"https:\/\/www.adkomo.com\/es\/wp-json\/wp\/v2\/media\/243562"}],"wp:attachment":[{"href":"https:\/\/www.adkomo.com\/es\/wp-json\/wp\/v2\/media?parent=243561"}],"wp:term":[{"taxonomy":"category","embeddable":true,"href":"https:\/\/www.adkomo.com\/es\/wp-json\/wp\/v2\/categories?post=243561"},{"taxonomy":"post_tag","embeddable":true,"href":"https:\/\/www.adkomo.com\/es\/wp-json\/wp\/v2\/tags?post=243561"}],"curies":[{"name":"wp","href":"https:\/\/api.w.org\/{rel}","templated":true}]}}