{"id":243439,"date":"2024-03-08T16:12:11","date_gmt":"2024-03-08T16:12:11","guid":{"rendered":"https:\/\/new.adkomo.com\/journee-internationale-de-la-femme\/"},"modified":"2026-04-21T15:37:31","modified_gmt":"2026-04-21T15:37:31","slug":"journee-internationale-de-la-femme","status":"publish","type":"post","link":"https:\/\/www.adkomo.com\/fr\/journee-internationale-de-la-femme\/","title":{"rendered":"Journ\u00e9e internationale de la femme"},"content":{"rendered":"\t\t<div data-elementor-type=\"wp-post\" data-elementor-id=\"243439\" class=\"elementor elementor-243439 elementor-3735\" data-elementor-post-type=\"post\">\n\t\t\t\t<div class=\"elementor-element elementor-element-603e157 e-flex e-con-boxed e-con e-parent\" data-id=\"603e157\" data-element_type=\"container\" data-e-type=\"container\">\n\t\t\t\t\t<div class=\"e-con-inner\">\n\t\t\t\t<div class=\"elementor-element elementor-element-b26d8b8 elementor-widget elementor-widget-text-editor\" data-id=\"b26d8b8\" data-element_type=\"widget\" data-e-type=\"widget\" data-widget_type=\"text-editor.default\">\n\t\t\t\t<div class=\"elementor-widget-container\">\n\t\t\t\t\t\t\t\t\t<p>Aujourd&rsquo;hui, c&rsquo;est la Journ\u00e9e internationale de la femme et chez Adkomo, nous sommes fiers de compter sur une \u00e9quipe de femmes fortes, talentueuses et incroyables qui font de notre entreprise ce qu&rsquo;elle est. Chacune d&rsquo;entre elles apporte ses comp\u00e9tences et ses perspectives uniques ! <br><br>Ne nous contentons pas de c\u00e9l\u00e9brer cette journ\u00e9e, mais chaque jour, continuons \u00e0 nous battre pour nos droits et \u00e0 \u0153uvrer pour l&rsquo;\u00e9galit\u00e9. \u00c0 toutes les femmes inspirantes d&rsquo;Adkomo, sachez que vous \u00eates valoris\u00e9es et appr\u00e9ci\u00e9es plus que les mots ne peuvent l&rsquo;exprimer. <\/p>\t\t\t\t\t\t\t\t<\/div>\n\t\t\t\t<\/div>\n\t\t\t\t\t<\/div>\n\t\t\t\t<\/div>\n\t\t<div class=\"elementor-element elementor-element-3fc0b6a e-flex e-con-boxed e-con e-parent\" data-id=\"3fc0b6a\" data-element_type=\"container\" data-e-type=\"container\">\n\t\t\t\t\t<div class=\"e-con-inner\">\n\t\t\t\t<div class=\"elementor-element elementor-element-2f39594 elementor-widget elementor-widget-image\" data-id=\"2f39594\" data-element_type=\"widget\" data-e-type=\"widget\" data-widget_type=\"image.default\">\n\t\t\t\t<div class=\"elementor-widget-container\">\n\t\t\t\t\t\t\t\t\t\t\t\t\t\t\t<img decoding=\"async\" src=\"http:\/\/www.adkomo.com\/wp-content\/uploads\/2024\/06\/399C0178-0DD3-454A-95F8-BF94872B4680.JPG\" title=\"\" alt=\"\" loading=\"lazy\" \/>\t\t\t\t\t\t\t\t\t\t\t\t\t\t\t<\/div>\n\t\t\t\t<\/div>\n\t\t\t\t\t<\/div>\n\t\t\t\t<\/div>\n\t\t\t\t<\/div>\n\t\t","protected":false},"excerpt":{"rendered":"<p>Aujourd&rsquo;hui, c&rsquo;est la Journ\u00e9e internationale de la femme et chez Adkomo, nous sommes fiers de compter sur une \u00e9quipe de femmes fortes, talentueuses et incroyables qui font de notre entreprise ce qu&rsquo;elle est. Chacune d&rsquo;entre elles apporte ses comp\u00e9tences et ses perspectives uniques ! Ne nous contentons pas de c\u00e9l\u00e9brer cette journ\u00e9e, mais chaque jour, [&hellip;]<\/p>\n","protected":false},"author":1,"featured_media":243440,"comment_status":"open","ping_status":"open","sticky":false,"template":"","format":"standard","meta":{"footnotes":""},"categories":[83],"tags":[134],"class_list":["post-243439","post","type-post","status-publish","format-standard","has-post-thumbnail","hentry","category-actualites-du-secteur","tag-equipe"],"yoast_head":"<!-- This site is optimized with the Yoast SEO plugin v27.2 - https:\/\/yoast.com\/product\/yoast-seo-wordpress\/ -->\n<title>Journ\u00e9e internationale de la femme - Adkomo<\/title>\n<meta name=\"robots\" content=\"index, follow, max-snippet:-1, max-image-preview:large, max-video-preview:-1\" \/>\n<link rel=\"canonical\" href=\"https:\/\/www.adkomo.com\/fr\/journee-internationale-de-la-femme\/\" \/>\n<meta property=\"og:locale\" content=\"fr_FR\" \/>\n<meta property=\"og:type\" content=\"article\" \/>\n<meta property=\"og:title\" content=\"Journ\u00e9e internationale de la femme - Adkomo\" \/>\n<meta property=\"og:description\" content=\"Aujourd&rsquo;hui, c&rsquo;est la Journ\u00e9e internationale de la femme et chez Adkomo, nous sommes fiers de compter sur une \u00e9quipe de femmes fortes, talentueuses et incroyables qui font de notre entreprise ce qu&rsquo;elle est. Chacune d&rsquo;entre elles apporte ses comp\u00e9tences et ses perspectives uniques ! Ne nous contentons pas de c\u00e9l\u00e9brer cette journ\u00e9e, mais chaque jour, [&hellip;]\" \/>\n<meta property=\"og:url\" content=\"https:\/\/www.adkomo.com\/fr\/journee-internationale-de-la-femme\/\" \/>\n<meta property=\"og:site_name\" content=\"Adkomo\" \/>\n<meta property=\"article:published_time\" content=\"2024-03-08T16:12:11+00:00\" \/>\n<meta property=\"article:modified_time\" content=\"2026-04-21T15:37:31+00:00\" \/>\n<meta property=\"og:image\" content=\"https:\/\/www.adkomo.com\/wp-content\/uploads\/2024\/06\/MEET-THE-ADKOMO-TEAM-AT-9.jpg\" \/>\n\t<meta property=\"og:image:width\" content=\"1024\" \/>\n\t<meta property=\"og:image:height\" content=\"671\" \/>\n\t<meta property=\"og:image:type\" content=\"image\/jpeg\" \/>\n<meta name=\"author\" content=\"marketing_new\" \/>\n<meta name=\"twitter:card\" content=\"summary_large_image\" \/>\n<meta name=\"twitter:label1\" content=\"\u00c9crit par\" \/>\n\t<meta name=\"twitter:data1\" content=\"marketing_new\" \/>\n<script type=\"application\/ld+json\" class=\"yoast-schema-graph\">{\"@context\":\"https:\/\/schema.org\",\"@graph\":[{\"@type\":\"Article\",\"@id\":\"https:\/\/www.adkomo.com\/fr\/journee-internationale-de-la-femme\/#article\",\"isPartOf\":{\"@id\":\"https:\/\/www.adkomo.com\/fr\/journee-internationale-de-la-femme\/\"},\"author\":{\"name\":\"marketing_new\",\"@id\":\"https:\/\/www.adkomo.com\/fr\/#\/schema\/person\/7644795dc0eb395ebe1f8c4b3bc03826\"},\"headline\":\"Journ\u00e9e internationale de la femme\",\"datePublished\":\"2024-03-08T16:12:11+00:00\",\"dateModified\":\"2026-04-21T15:37:31+00:00\",\"mainEntityOfPage\":{\"@id\":\"https:\/\/www.adkomo.com\/fr\/journee-internationale-de-la-femme\/\"},\"wordCount\":98,\"commentCount\":0,\"publisher\":{\"@id\":\"https:\/\/www.adkomo.com\/fr\/#organization\"},\"image\":{\"@id\":\"https:\/\/www.adkomo.com\/fr\/journee-internationale-de-la-femme\/#primaryimage\"},\"thumbnailUrl\":\"https:\/\/www.adkomo.com\/wp-content\/uploads\/2024\/06\/MEET-THE-ADKOMO-TEAM-AT-9.jpg\",\"keywords\":[\"\u00c9quipe\"],\"articleSection\":[\"Actualit\u00e9s du secteur\"],\"inLanguage\":\"fr-FR\",\"potentialAction\":[{\"@type\":\"CommentAction\",\"name\":\"Comment\",\"target\":[\"https:\/\/www.adkomo.com\/fr\/journee-internationale-de-la-femme\/#respond\"]}]},{\"@type\":\"WebPage\",\"@id\":\"https:\/\/www.adkomo.com\/fr\/journee-internationale-de-la-femme\/\",\"url\":\"https:\/\/www.adkomo.com\/fr\/journee-internationale-de-la-femme\/\",\"name\":\"Journ\u00e9e internationale de la femme - Adkomo\",\"isPartOf\":{\"@id\":\"https:\/\/www.adkomo.com\/fr\/#website\"},\"primaryImageOfPage\":{\"@id\":\"https:\/\/www.adkomo.com\/fr\/journee-internationale-de-la-femme\/#primaryimage\"},\"image\":{\"@id\":\"https:\/\/www.adkomo.com\/fr\/journee-internationale-de-la-femme\/#primaryimage\"},\"thumbnailUrl\":\"https:\/\/www.adkomo.com\/wp-content\/uploads\/2024\/06\/MEET-THE-ADKOMO-TEAM-AT-9.jpg\",\"datePublished\":\"2024-03-08T16:12:11+00:00\",\"dateModified\":\"2026-04-21T15:37:31+00:00\",\"breadcrumb\":{\"@id\":\"https:\/\/www.adkomo.com\/fr\/journee-internationale-de-la-femme\/#breadcrumb\"},\"inLanguage\":\"fr-FR\",\"potentialAction\":[{\"@type\":\"ReadAction\",\"target\":[\"https:\/\/www.adkomo.com\/fr\/journee-internationale-de-la-femme\/\"]}]},{\"@type\":\"ImageObject\",\"inLanguage\":\"fr-FR\",\"@id\":\"https:\/\/www.adkomo.com\/fr\/journee-internationale-de-la-femme\/#primaryimage\",\"url\":\"https:\/\/www.adkomo.com\/wp-content\/uploads\/2024\/06\/MEET-THE-ADKOMO-TEAM-AT-9.jpg\",\"contentUrl\":\"https:\/\/www.adkomo.com\/wp-content\/uploads\/2024\/06\/MEET-THE-ADKOMO-TEAM-AT-9.jpg\",\"width\":1024,\"height\":671},{\"@type\":\"BreadcrumbList\",\"@id\":\"https:\/\/www.adkomo.com\/fr\/journee-internationale-de-la-femme\/#breadcrumb\",\"itemListElement\":[{\"@type\":\"ListItem\",\"position\":1,\"name\":\"Home\",\"item\":\"https:\/\/www.adkomo.com\/fr\/\"},{\"@type\":\"ListItem\",\"position\":2,\"name\":\"Journ\u00e9e internationale de la femme\"}]},{\"@type\":\"WebSite\",\"@id\":\"https:\/\/www.adkomo.com\/fr\/#website\",\"url\":\"https:\/\/www.adkomo.com\/fr\/\",\"name\":\"Adkomo\",\"description\":\"\",\"publisher\":{\"@id\":\"https:\/\/www.adkomo.com\/fr\/#organization\"},\"potentialAction\":[{\"@type\":\"SearchAction\",\"target\":{\"@type\":\"EntryPoint\",\"urlTemplate\":\"https:\/\/www.adkomo.com\/fr\/?s={search_term_string}\"},\"query-input\":{\"@type\":\"PropertyValueSpecification\",\"valueRequired\":true,\"valueName\":\"search_term_string\"}}],\"inLanguage\":\"fr-FR\"},{\"@type\":\"Organization\",\"@id\":\"https:\/\/www.adkomo.com\/fr\/#organization\",\"name\":\"Adkomo\",\"url\":\"https:\/\/www.adkomo.com\/fr\/\",\"logo\":{\"@type\":\"ImageObject\",\"inLanguage\":\"fr-FR\",\"@id\":\"https:\/\/www.adkomo.com\/fr\/#\/schema\/logo\/image\/\",\"url\":\"https:\/\/www.adkomo.com\/wp-content\/uploads\/2025\/04\/Adkomo-logo.svg\",\"contentUrl\":\"https:\/\/www.adkomo.com\/wp-content\/uploads\/2025\/04\/Adkomo-logo.svg\",\"caption\":\"Adkomo\"},\"image\":{\"@id\":\"https:\/\/www.adkomo.com\/fr\/#\/schema\/logo\/image\/\"}},{\"@type\":\"Person\",\"@id\":\"https:\/\/www.adkomo.com\/fr\/#\/schema\/person\/7644795dc0eb395ebe1f8c4b3bc03826\",\"name\":\"marketing_new\",\"image\":{\"@type\":\"ImageObject\",\"inLanguage\":\"fr-FR\",\"@id\":\"https:\/\/secure.gravatar.com\/avatar\/56fa9e57fb50ba30eb12d5f4c19bd679275a766bf411aefb60daa499a79c5d32?s=96&d=mm&r=g\",\"url\":\"https:\/\/secure.gravatar.com\/avatar\/56fa9e57fb50ba30eb12d5f4c19bd679275a766bf411aefb60daa499a79c5d32?s=96&d=mm&r=g\",\"contentUrl\":\"https:\/\/secure.gravatar.com\/avatar\/56fa9e57fb50ba30eb12d5f4c19bd679275a766bf411aefb60daa499a79c5d32?s=96&d=mm&r=g\",\"caption\":\"marketing_new\"},\"sameAs\":[\"https:\/\/www.adkomo.com\"],\"url\":\"https:\/\/www.adkomo.com\/fr\/author\/marketing_new\/\"}]}<\/script>\n<!-- \/ Yoast SEO plugin. -->","yoast_head_json":{"title":"Journ\u00e9e internationale de la femme - Adkomo","robots":{"index":"index","follow":"follow","max-snippet":"max-snippet:-1","max-image-preview":"max-image-preview:large","max-video-preview":"max-video-preview:-1"},"canonical":"https:\/\/www.adkomo.com\/fr\/journee-internationale-de-la-femme\/","og_locale":"fr_FR","og_type":"article","og_title":"Journ\u00e9e internationale de la femme - Adkomo","og_description":"Aujourd&rsquo;hui, c&rsquo;est la Journ\u00e9e internationale de la femme et chez Adkomo, nous sommes fiers de compter sur une \u00e9quipe de femmes fortes, talentueuses et incroyables qui font de notre entreprise ce qu&rsquo;elle est. Chacune d&rsquo;entre elles apporte ses comp\u00e9tences et ses perspectives uniques ! Ne nous contentons pas de c\u00e9l\u00e9brer cette journ\u00e9e, mais chaque jour, [&hellip;]","og_url":"https:\/\/www.adkomo.com\/fr\/journee-internationale-de-la-femme\/","og_site_name":"Adkomo","article_published_time":"2024-03-08T16:12:11+00:00","article_modified_time":"2026-04-21T15:37:31+00:00","og_image":[{"width":1024,"height":671,"url":"https:\/\/www.adkomo.com\/wp-content\/uploads\/2024\/06\/MEET-THE-ADKOMO-TEAM-AT-9.jpg","type":"image\/jpeg"}],"author":"marketing_new","twitter_card":"summary_large_image","twitter_misc":{"\u00c9crit par":"marketing_new"},"schema":{"@context":"https:\/\/schema.org","@graph":[{"@type":"Article","@id":"https:\/\/www.adkomo.com\/fr\/journee-internationale-de-la-femme\/#article","isPartOf":{"@id":"https:\/\/www.adkomo.com\/fr\/journee-internationale-de-la-femme\/"},"author":{"name":"marketing_new","@id":"https:\/\/www.adkomo.com\/fr\/#\/schema\/person\/7644795dc0eb395ebe1f8c4b3bc03826"},"headline":"Journ\u00e9e internationale de la femme","datePublished":"2024-03-08T16:12:11+00:00","dateModified":"2026-04-21T15:37:31+00:00","mainEntityOfPage":{"@id":"https:\/\/www.adkomo.com\/fr\/journee-internationale-de-la-femme\/"},"wordCount":98,"commentCount":0,"publisher":{"@id":"https:\/\/www.adkomo.com\/fr\/#organization"},"image":{"@id":"https:\/\/www.adkomo.com\/fr\/journee-internationale-de-la-femme\/#primaryimage"},"thumbnailUrl":"https:\/\/www.adkomo.com\/wp-content\/uploads\/2024\/06\/MEET-THE-ADKOMO-TEAM-AT-9.jpg","keywords":["\u00c9quipe"],"articleSection":["Actualit\u00e9s du secteur"],"inLanguage":"fr-FR","potentialAction":[{"@type":"CommentAction","name":"Comment","target":["https:\/\/www.adkomo.com\/fr\/journee-internationale-de-la-femme\/#respond"]}]},{"@type":"WebPage","@id":"https:\/\/www.adkomo.com\/fr\/journee-internationale-de-la-femme\/","url":"https:\/\/www.adkomo.com\/fr\/journee-internationale-de-la-femme\/","name":"Journ\u00e9e internationale de la femme - Adkomo","isPartOf":{"@id":"https:\/\/www.adkomo.com\/fr\/#website"},"primaryImageOfPage":{"@id":"https:\/\/www.adkomo.com\/fr\/journee-internationale-de-la-femme\/#primaryimage"},"image":{"@id":"https:\/\/www.adkomo.com\/fr\/journee-internationale-de-la-femme\/#primaryimage"},"thumbnailUrl":"https:\/\/www.adkomo.com\/wp-content\/uploads\/2024\/06\/MEET-THE-ADKOMO-TEAM-AT-9.jpg","datePublished":"2024-03-08T16:12:11+00:00","dateModified":"2026-04-21T15:37:31+00:00","breadcrumb":{"@id":"https:\/\/www.adkomo.com\/fr\/journee-internationale-de-la-femme\/#breadcrumb"},"inLanguage":"fr-FR","potentialAction":[{"@type":"ReadAction","target":["https:\/\/www.adkomo.com\/fr\/journee-internationale-de-la-femme\/"]}]},{"@type":"ImageObject","inLanguage":"fr-FR","@id":"https:\/\/www.adkomo.com\/fr\/journee-internationale-de-la-femme\/#primaryimage","url":"https:\/\/www.adkomo.com\/wp-content\/uploads\/2024\/06\/MEET-THE-ADKOMO-TEAM-AT-9.jpg","contentUrl":"https:\/\/www.adkomo.com\/wp-content\/uploads\/2024\/06\/MEET-THE-ADKOMO-TEAM-AT-9.jpg","width":1024,"height":671},{"@type":"BreadcrumbList","@id":"https:\/\/www.adkomo.com\/fr\/journee-internationale-de-la-femme\/#breadcrumb","itemListElement":[{"@type":"ListItem","position":1,"name":"Home","item":"https:\/\/www.adkomo.com\/fr\/"},{"@type":"ListItem","position":2,"name":"Journ\u00e9e internationale de la femme"}]},{"@type":"WebSite","@id":"https:\/\/www.adkomo.com\/fr\/#website","url":"https:\/\/www.adkomo.com\/fr\/","name":"Adkomo","description":"","publisher":{"@id":"https:\/\/www.adkomo.com\/fr\/#organization"},"potentialAction":[{"@type":"SearchAction","target":{"@type":"EntryPoint","urlTemplate":"https:\/\/www.adkomo.com\/fr\/?s={search_term_string}"},"query-input":{"@type":"PropertyValueSpecification","valueRequired":true,"valueName":"search_term_string"}}],"inLanguage":"fr-FR"},{"@type":"Organization","@id":"https:\/\/www.adkomo.com\/fr\/#organization","name":"Adkomo","url":"https:\/\/www.adkomo.com\/fr\/","logo":{"@type":"ImageObject","inLanguage":"fr-FR","@id":"https:\/\/www.adkomo.com\/fr\/#\/schema\/logo\/image\/","url":"https:\/\/www.adkomo.com\/wp-content\/uploads\/2025\/04\/Adkomo-logo.svg","contentUrl":"https:\/\/www.adkomo.com\/wp-content\/uploads\/2025\/04\/Adkomo-logo.svg","caption":"Adkomo"},"image":{"@id":"https:\/\/www.adkomo.com\/fr\/#\/schema\/logo\/image\/"}},{"@type":"Person","@id":"https:\/\/www.adkomo.com\/fr\/#\/schema\/person\/7644795dc0eb395ebe1f8c4b3bc03826","name":"marketing_new","image":{"@type":"ImageObject","inLanguage":"fr-FR","@id":"https:\/\/secure.gravatar.com\/avatar\/56fa9e57fb50ba30eb12d5f4c19bd679275a766bf411aefb60daa499a79c5d32?s=96&d=mm&r=g","url":"https:\/\/secure.gravatar.com\/avatar\/56fa9e57fb50ba30eb12d5f4c19bd679275a766bf411aefb60daa499a79c5d32?s=96&d=mm&r=g","contentUrl":"https:\/\/secure.gravatar.com\/avatar\/56fa9e57fb50ba30eb12d5f4c19bd679275a766bf411aefb60daa499a79c5d32?s=96&d=mm&r=g","caption":"marketing_new"},"sameAs":["https:\/\/www.adkomo.com"],"url":"https:\/\/www.adkomo.com\/fr\/author\/marketing_new\/"}]}},"_links":{"self":[{"href":"https:\/\/www.adkomo.com\/fr\/wp-json\/wp\/v2\/posts\/243439","targetHints":{"allow":["GET"]}}],"collection":[{"href":"https:\/\/www.adkomo.com\/fr\/wp-json\/wp\/v2\/posts"}],"about":[{"href":"https:\/\/www.adkomo.com\/fr\/wp-json\/wp\/v2\/types\/post"}],"author":[{"embeddable":true,"href":"https:\/\/www.adkomo.com\/fr\/wp-json\/wp\/v2\/users\/1"}],"replies":[{"embeddable":true,"href":"https:\/\/www.adkomo.com\/fr\/wp-json\/wp\/v2\/comments?post=243439"}],"version-history":[{"count":1,"href":"https:\/\/www.adkomo.com\/fr\/wp-json\/wp\/v2\/posts\/243439\/revisions"}],"predecessor-version":[{"id":243442,"href":"https:\/\/www.adkomo.com\/fr\/wp-json\/wp\/v2\/posts\/243439\/revisions\/243442"}],"wp:featuredmedia":[{"embeddable":true,"href":"https:\/\/www.adkomo.com\/fr\/wp-json\/wp\/v2\/media\/243440"}],"wp:attachment":[{"href":"https:\/\/www.adkomo.com\/fr\/wp-json\/wp\/v2\/media?parent=243439"}],"wp:term":[{"taxonomy":"category","embeddable":true,"href":"https:\/\/www.adkomo.com\/fr\/wp-json\/wp\/v2\/categories?post=243439"},{"taxonomy":"post_tag","embeddable":true,"href":"https:\/\/www.adkomo.com\/fr\/wp-json\/wp\/v2\/tags?post=243439"}],"curies":[{"name":"wp","href":"https:\/\/api.w.org\/{rel}","templated":true}]}}