{"id":243466,"date":"2024-03-04T10:49:49","date_gmt":"2024-03-04T10:49:49","guid":{"rendered":"https:\/\/new.adkomo.com\/linkedin-met-laccent-sur-le-contenu-sectoriel-et-lechange-de-connaissances\/"},"modified":"2026-04-21T15:57:18","modified_gmt":"2026-04-21T15:57:18","slug":"linkedin-met-laccent-sur-le-contenu-sectoriel-et-lechange-de-connaissances","status":"publish","type":"post","link":"https:\/\/www.adkomo.com\/fr\/linkedin-met-laccent-sur-le-contenu-sectoriel-et-lechange-de-connaissances\/","title":{"rendered":"LinkedIn met l\u2019accent sur le contenu sectoriel et l\u2019\u00e9change de connaissances"},"content":{"rendered":"\t\t<div data-elementor-type=\"wp-post\" data-elementor-id=\"243466\" class=\"elementor elementor-243466 elementor-3638\" data-elementor-post-type=\"post\">\n\t\t\t\t<div class=\"elementor-element elementor-element-0dab1e5 e-flex e-con-boxed e-con e-parent\" data-id=\"0dab1e5\" data-element_type=\"container\" data-e-type=\"container\">\n\t\t\t\t\t<div class=\"e-con-inner\">\n\t\t\t\t<div class=\"elementor-element elementor-element-f58dabb elementor-widget elementor-widget-text-editor\" data-id=\"f58dabb\" data-element_type=\"widget\" data-e-type=\"widget\" data-widget_type=\"text-editor.default\">\n\t\t\t\t<div class=\"elementor-widget-container\">\n\t\t\t\t\t\t\t\t\t<p>LinkedIn vise \u00e0 renforcer ses liens avec les \u00e9diteurs afin d\u2019accro\u00eetre l\u2019engagement au sein de secteurs sp\u00e9cifiques sur l\u2019application. En tant que plateforme de r\u00e9seautage professionnel, elle a enregistr\u00e9 une hausse de 22 % des vues sur les mises \u00e0 jour du flux principal et une augmentation de 25 % des conversations publiques au sein de l\u2019application. Pour poursuivre son objectif de mise en relation des professionnels avec des opportunit\u00e9s \u00e9conomiques, LinkedIn d\u00e9place son attention des cr\u00e9ateurs individuels vers les \u00e9diteurs \u00e9tablis, capables de fournir un contenu de niche de grande valeur qui favorise des discussions constructives au sein de leurs flux.  <\/p><p>Lors d\u2019un entretien avec Axios, Dan Roth, r\u00e9dacteur en chef de LinkedIn, a partag\u00e9 que la plateforme collabore avec plus de 400 \u00e9diteurs de presse dans le monde. Il a ajout\u00e9 que l\u2019\u00e9quipe \u00e9ditoriale de LinkedIn communique r\u00e9guli\u00e8rement avec ces r\u00e9dactions pour les tenir inform\u00e9es des contenus tendances et les aider \u00e0 am\u00e9liorer leurs publications. <\/p><p>Contrairement \u00e0 Meta, qui s\u2019\u00e9loigne des contenus d\u2019actualit\u00e9 pol\u00e9miques, l\u2019objectif sp\u00e9cifique de LinkedIn est de promouvoir une interaction constructive et \u00e9ducative. Selon M. Roth : \u00ab Notre conviction est que lorsque les individus et les experts se rendent sur LinkedIn, ils doivent recevoir des informations pr\u00e9cieuses qui am\u00e9liorent leur carri\u00e8re actuelle ou souhait\u00e9e. \u00bb <\/p><p>Ce nouvel accent mis sur les publications sectorielles co\u00efncide avec la suppression de la fonctionnalit\u00e9 \u00ab Mode cr\u00e9ateur \u00bb de LinkedIn, initialement mise en \u0153uvre en 2021 pour s\u2019aligner sur l\u2019objectif plus large de stimuler les incitations pour les cr\u00e9ateurs. Cependant, sur LinkedIn, le concept de \u00ab cr\u00e9ateur \u00bb n\u2019est pas central, car la majorit\u00e9 des membres poss\u00e8dent d\u00e9j\u00e0 des connaissances approfondies dans leurs secteurs respectifs. Cette expertise au sein de leurs domaines est \u00e9galement ce qui apporte la plus grande valeur et les meilleures perspectives.  <\/p><p>\u00c0 la lumi\u00e8re de cela, LinkedIn d\u00e9place son attention vers les publications qui apportent une expertise sp\u00e9cialis\u00e9e plut\u00f4t que de cr\u00e9er son propre contenu d\u2019influence. En compl\u00e9ment, M. Roth mentionne que LinkedIn augmente ses investissements dans son r\u00e9seau de podcasts et m\u00e8ne un essai pour des parrainages vid\u00e9o avec des \u00e9diteurs tri\u00e9s sur le volet. Cette initiative vise \u00e0 accro\u00eetre la pr\u00e9sence de vid\u00e9os premium sur la plateforme, favorisant ainsi un engagement et une interaction accrus au sein de communaut\u00e9s de niche sp\u00e9cifiques.  <\/p><p><a href=\"https:\/\/www.socialmediatoday.com\/news\/linkedin-outlines-renewed-focus-industry-specific-content-knowledge\/709411\/\">Social Media Today<\/a><\/p>\t\t\t\t\t\t\t\t<\/div>\n\t\t\t\t<\/div>\n\t\t\t\t\t<\/div>\n\t\t\t\t<\/div>\n\t\t\t\t<\/div>\n\t\t","protected":false},"excerpt":{"rendered":"<p>LinkedIn vise \u00e0 renforcer ses liens avec les \u00e9diteurs afin d\u2019accro\u00eetre l\u2019engagement au sein de secteurs sp\u00e9cifiques sur l\u2019application. En tant que plateforme de r\u00e9seautage professionnel, elle a enregistr\u00e9 une hausse de 22 % des vues sur les mises \u00e0 jour du flux principal et une augmentation de 25 % des conversations publiques au sein [&hellip;]<\/p>\n","protected":false},"author":1,"featured_media":243460,"comment_status":"open","ping_status":"open","sticky":false,"template":"","format":"standard","meta":{"footnotes":""},"categories":[83],"tags":[128],"class_list":["post-243466","post","type-post","status-publish","format-standard","has-post-thumbnail","hentry","category-actualites-du-secteur","tag-social"],"yoast_head":"<!-- This site is optimized with the Yoast SEO plugin v27.2 - https:\/\/yoast.com\/product\/yoast-seo-wordpress\/ -->\n<title>LinkedIn met l\u2019accent sur le contenu sectoriel et l\u2019\u00e9change de connaissances - Adkomo<\/title>\n<meta name=\"robots\" content=\"index, follow, max-snippet:-1, max-image-preview:large, max-video-preview:-1\" \/>\n<link rel=\"canonical\" href=\"https:\/\/www.adkomo.com\/fr\/linkedin-met-laccent-sur-le-contenu-sectoriel-et-lechange-de-connaissances\/\" \/>\n<meta property=\"og:locale\" content=\"fr_FR\" \/>\n<meta property=\"og:type\" content=\"article\" \/>\n<meta property=\"og:title\" content=\"LinkedIn met l\u2019accent sur le contenu sectoriel et l\u2019\u00e9change de connaissances - Adkomo\" \/>\n<meta property=\"og:description\" content=\"LinkedIn vise \u00e0 renforcer ses liens avec les \u00e9diteurs afin d\u2019accro\u00eetre l\u2019engagement au sein de secteurs sp\u00e9cifiques sur l\u2019application. En tant que plateforme de r\u00e9seautage professionnel, elle a enregistr\u00e9 une hausse de 22 % des vues sur les mises \u00e0 jour du flux principal et une augmentation de 25 % des conversations publiques au sein [&hellip;]\" \/>\n<meta property=\"og:url\" content=\"https:\/\/www.adkomo.com\/fr\/linkedin-met-laccent-sur-le-contenu-sectoriel-et-lechange-de-connaissances\/\" \/>\n<meta property=\"og:site_name\" content=\"Adkomo\" \/>\n<meta property=\"article:published_time\" content=\"2024-03-04T10:49:49+00:00\" \/>\n<meta property=\"article:modified_time\" content=\"2026-04-21T15:57:18+00:00\" \/>\n<meta property=\"og:image\" content=\"https:\/\/www.adkomo.com\/wp-content\/uploads\/2024\/03\/pexels-airam-datoon-16450744.jpg\" \/>\n\t<meta property=\"og:image:width\" content=\"1410\" \/>\n\t<meta property=\"og:image:height\" content=\"971\" \/>\n\t<meta property=\"og:image:type\" content=\"image\/jpeg\" \/>\n<meta name=\"author\" content=\"marketing_new\" \/>\n<meta name=\"twitter:card\" content=\"summary_large_image\" \/>\n<meta name=\"twitter:label1\" content=\"\u00c9crit par\" \/>\n\t<meta name=\"twitter:data1\" content=\"marketing_new\" \/>\n\t<meta name=\"twitter:label2\" content=\"Dur\u00e9e de lecture estim\u00e9e\" \/>\n\t<meta name=\"twitter:data2\" content=\"2 minutes\" \/>\n<script type=\"application\/ld+json\" class=\"yoast-schema-graph\">{\"@context\":\"https:\/\/schema.org\",\"@graph\":[{\"@type\":\"Article\",\"@id\":\"https:\/\/www.adkomo.com\/fr\/linkedin-met-laccent-sur-le-contenu-sectoriel-et-lechange-de-connaissances\/#article\",\"isPartOf\":{\"@id\":\"https:\/\/www.adkomo.com\/fr\/linkedin-met-laccent-sur-le-contenu-sectoriel-et-lechange-de-connaissances\/\"},\"author\":{\"name\":\"marketing_new\",\"@id\":\"https:\/\/www.adkomo.com\/fr\/#\/schema\/person\/7644795dc0eb395ebe1f8c4b3bc03826\"},\"headline\":\"LinkedIn met l\u2019accent sur le contenu sectoriel et l\u2019\u00e9change de connaissances\",\"datePublished\":\"2024-03-04T10:49:49+00:00\",\"dateModified\":\"2026-04-21T15:57:18+00:00\",\"mainEntityOfPage\":{\"@id\":\"https:\/\/www.adkomo.com\/fr\/linkedin-met-laccent-sur-le-contenu-sectoriel-et-lechange-de-connaissances\/\"},\"wordCount\":430,\"commentCount\":0,\"publisher\":{\"@id\":\"https:\/\/www.adkomo.com\/fr\/#organization\"},\"image\":{\"@id\":\"https:\/\/www.adkomo.com\/fr\/linkedin-met-laccent-sur-le-contenu-sectoriel-et-lechange-de-connaissances\/#primaryimage\"},\"thumbnailUrl\":\"https:\/\/www.adkomo.com\/wp-content\/uploads\/2024\/03\/pexels-airam-datoon-16450744.jpg\",\"keywords\":[\"Social\"],\"articleSection\":[\"Actualit\u00e9s du secteur\"],\"inLanguage\":\"fr-FR\",\"potentialAction\":[{\"@type\":\"CommentAction\",\"name\":\"Comment\",\"target\":[\"https:\/\/www.adkomo.com\/fr\/linkedin-met-laccent-sur-le-contenu-sectoriel-et-lechange-de-connaissances\/#respond\"]}]},{\"@type\":\"WebPage\",\"@id\":\"https:\/\/www.adkomo.com\/fr\/linkedin-met-laccent-sur-le-contenu-sectoriel-et-lechange-de-connaissances\/\",\"url\":\"https:\/\/www.adkomo.com\/fr\/linkedin-met-laccent-sur-le-contenu-sectoriel-et-lechange-de-connaissances\/\",\"name\":\"LinkedIn met l\u2019accent sur le contenu sectoriel et l\u2019\u00e9change de connaissances - Adkomo\",\"isPartOf\":{\"@id\":\"https:\/\/www.adkomo.com\/fr\/#website\"},\"primaryImageOfPage\":{\"@id\":\"https:\/\/www.adkomo.com\/fr\/linkedin-met-laccent-sur-le-contenu-sectoriel-et-lechange-de-connaissances\/#primaryimage\"},\"image\":{\"@id\":\"https:\/\/www.adkomo.com\/fr\/linkedin-met-laccent-sur-le-contenu-sectoriel-et-lechange-de-connaissances\/#primaryimage\"},\"thumbnailUrl\":\"https:\/\/www.adkomo.com\/wp-content\/uploads\/2024\/03\/pexels-airam-datoon-16450744.jpg\",\"datePublished\":\"2024-03-04T10:49:49+00:00\",\"dateModified\":\"2026-04-21T15:57:18+00:00\",\"breadcrumb\":{\"@id\":\"https:\/\/www.adkomo.com\/fr\/linkedin-met-laccent-sur-le-contenu-sectoriel-et-lechange-de-connaissances\/#breadcrumb\"},\"inLanguage\":\"fr-FR\",\"potentialAction\":[{\"@type\":\"ReadAction\",\"target\":[\"https:\/\/www.adkomo.com\/fr\/linkedin-met-laccent-sur-le-contenu-sectoriel-et-lechange-de-connaissances\/\"]}]},{\"@type\":\"ImageObject\",\"inLanguage\":\"fr-FR\",\"@id\":\"https:\/\/www.adkomo.com\/fr\/linkedin-met-laccent-sur-le-contenu-sectoriel-et-lechange-de-connaissances\/#primaryimage\",\"url\":\"https:\/\/www.adkomo.com\/wp-content\/uploads\/2024\/03\/pexels-airam-datoon-16450744.jpg\",\"contentUrl\":\"https:\/\/www.adkomo.com\/wp-content\/uploads\/2024\/03\/pexels-airam-datoon-16450744.jpg\",\"width\":1410,\"height\":971},{\"@type\":\"BreadcrumbList\",\"@id\":\"https:\/\/www.adkomo.com\/fr\/linkedin-met-laccent-sur-le-contenu-sectoriel-et-lechange-de-connaissances\/#breadcrumb\",\"itemListElement\":[{\"@type\":\"ListItem\",\"position\":1,\"name\":\"Home\",\"item\":\"https:\/\/www.adkomo.com\/fr\/\"},{\"@type\":\"ListItem\",\"position\":2,\"name\":\"LinkedIn met l\u2019accent sur le contenu sectoriel et l\u2019\u00e9change de connaissances\"}]},{\"@type\":\"WebSite\",\"@id\":\"https:\/\/www.adkomo.com\/fr\/#website\",\"url\":\"https:\/\/www.adkomo.com\/fr\/\",\"name\":\"Adkomo\",\"description\":\"\",\"publisher\":{\"@id\":\"https:\/\/www.adkomo.com\/fr\/#organization\"},\"potentialAction\":[{\"@type\":\"SearchAction\",\"target\":{\"@type\":\"EntryPoint\",\"urlTemplate\":\"https:\/\/www.adkomo.com\/fr\/?s={search_term_string}\"},\"query-input\":{\"@type\":\"PropertyValueSpecification\",\"valueRequired\":true,\"valueName\":\"search_term_string\"}}],\"inLanguage\":\"fr-FR\"},{\"@type\":\"Organization\",\"@id\":\"https:\/\/www.adkomo.com\/fr\/#organization\",\"name\":\"Adkomo\",\"url\":\"https:\/\/www.adkomo.com\/fr\/\",\"logo\":{\"@type\":\"ImageObject\",\"inLanguage\":\"fr-FR\",\"@id\":\"https:\/\/www.adkomo.com\/fr\/#\/schema\/logo\/image\/\",\"url\":\"https:\/\/www.adkomo.com\/wp-content\/uploads\/2025\/04\/Adkomo-logo.svg\",\"contentUrl\":\"https:\/\/www.adkomo.com\/wp-content\/uploads\/2025\/04\/Adkomo-logo.svg\",\"caption\":\"Adkomo\"},\"image\":{\"@id\":\"https:\/\/www.adkomo.com\/fr\/#\/schema\/logo\/image\/\"}},{\"@type\":\"Person\",\"@id\":\"https:\/\/www.adkomo.com\/fr\/#\/schema\/person\/7644795dc0eb395ebe1f8c4b3bc03826\",\"name\":\"marketing_new\",\"image\":{\"@type\":\"ImageObject\",\"inLanguage\":\"fr-FR\",\"@id\":\"https:\/\/secure.gravatar.com\/avatar\/56fa9e57fb50ba30eb12d5f4c19bd679275a766bf411aefb60daa499a79c5d32?s=96&d=mm&r=g\",\"url\":\"https:\/\/secure.gravatar.com\/avatar\/56fa9e57fb50ba30eb12d5f4c19bd679275a766bf411aefb60daa499a79c5d32?s=96&d=mm&r=g\",\"contentUrl\":\"https:\/\/secure.gravatar.com\/avatar\/56fa9e57fb50ba30eb12d5f4c19bd679275a766bf411aefb60daa499a79c5d32?s=96&d=mm&r=g\",\"caption\":\"marketing_new\"},\"sameAs\":[\"https:\/\/www.adkomo.com\"],\"url\":\"https:\/\/www.adkomo.com\/fr\/author\/marketing_new\/\"}]}<\/script>\n<!-- \/ Yoast SEO plugin. -->","yoast_head_json":{"title":"LinkedIn met l\u2019accent sur le contenu sectoriel et l\u2019\u00e9change de connaissances - Adkomo","robots":{"index":"index","follow":"follow","max-snippet":"max-snippet:-1","max-image-preview":"max-image-preview:large","max-video-preview":"max-video-preview:-1"},"canonical":"https:\/\/www.adkomo.com\/fr\/linkedin-met-laccent-sur-le-contenu-sectoriel-et-lechange-de-connaissances\/","og_locale":"fr_FR","og_type":"article","og_title":"LinkedIn met l\u2019accent sur le contenu sectoriel et l\u2019\u00e9change de connaissances - Adkomo","og_description":"LinkedIn vise \u00e0 renforcer ses liens avec les \u00e9diteurs afin d\u2019accro\u00eetre l\u2019engagement au sein de secteurs sp\u00e9cifiques sur l\u2019application. En tant que plateforme de r\u00e9seautage professionnel, elle a enregistr\u00e9 une hausse de 22 % des vues sur les mises \u00e0 jour du flux principal et une augmentation de 25 % des conversations publiques au sein [&hellip;]","og_url":"https:\/\/www.adkomo.com\/fr\/linkedin-met-laccent-sur-le-contenu-sectoriel-et-lechange-de-connaissances\/","og_site_name":"Adkomo","article_published_time":"2024-03-04T10:49:49+00:00","article_modified_time":"2026-04-21T15:57:18+00:00","og_image":[{"width":1410,"height":971,"url":"https:\/\/www.adkomo.com\/wp-content\/uploads\/2024\/03\/pexels-airam-datoon-16450744.jpg","type":"image\/jpeg"}],"author":"marketing_new","twitter_card":"summary_large_image","twitter_misc":{"\u00c9crit par":"marketing_new","Dur\u00e9e de lecture estim\u00e9e":"2 minutes"},"schema":{"@context":"https:\/\/schema.org","@graph":[{"@type":"Article","@id":"https:\/\/www.adkomo.com\/fr\/linkedin-met-laccent-sur-le-contenu-sectoriel-et-lechange-de-connaissances\/#article","isPartOf":{"@id":"https:\/\/www.adkomo.com\/fr\/linkedin-met-laccent-sur-le-contenu-sectoriel-et-lechange-de-connaissances\/"},"author":{"name":"marketing_new","@id":"https:\/\/www.adkomo.com\/fr\/#\/schema\/person\/7644795dc0eb395ebe1f8c4b3bc03826"},"headline":"LinkedIn met l\u2019accent sur le contenu sectoriel et l\u2019\u00e9change de connaissances","datePublished":"2024-03-04T10:49:49+00:00","dateModified":"2026-04-21T15:57:18+00:00","mainEntityOfPage":{"@id":"https:\/\/www.adkomo.com\/fr\/linkedin-met-laccent-sur-le-contenu-sectoriel-et-lechange-de-connaissances\/"},"wordCount":430,"commentCount":0,"publisher":{"@id":"https:\/\/www.adkomo.com\/fr\/#organization"},"image":{"@id":"https:\/\/www.adkomo.com\/fr\/linkedin-met-laccent-sur-le-contenu-sectoriel-et-lechange-de-connaissances\/#primaryimage"},"thumbnailUrl":"https:\/\/www.adkomo.com\/wp-content\/uploads\/2024\/03\/pexels-airam-datoon-16450744.jpg","keywords":["Social"],"articleSection":["Actualit\u00e9s du secteur"],"inLanguage":"fr-FR","potentialAction":[{"@type":"CommentAction","name":"Comment","target":["https:\/\/www.adkomo.com\/fr\/linkedin-met-laccent-sur-le-contenu-sectoriel-et-lechange-de-connaissances\/#respond"]}]},{"@type":"WebPage","@id":"https:\/\/www.adkomo.com\/fr\/linkedin-met-laccent-sur-le-contenu-sectoriel-et-lechange-de-connaissances\/","url":"https:\/\/www.adkomo.com\/fr\/linkedin-met-laccent-sur-le-contenu-sectoriel-et-lechange-de-connaissances\/","name":"LinkedIn met l\u2019accent sur le contenu sectoriel et l\u2019\u00e9change de connaissances - Adkomo","isPartOf":{"@id":"https:\/\/www.adkomo.com\/fr\/#website"},"primaryImageOfPage":{"@id":"https:\/\/www.adkomo.com\/fr\/linkedin-met-laccent-sur-le-contenu-sectoriel-et-lechange-de-connaissances\/#primaryimage"},"image":{"@id":"https:\/\/www.adkomo.com\/fr\/linkedin-met-laccent-sur-le-contenu-sectoriel-et-lechange-de-connaissances\/#primaryimage"},"thumbnailUrl":"https:\/\/www.adkomo.com\/wp-content\/uploads\/2024\/03\/pexels-airam-datoon-16450744.jpg","datePublished":"2024-03-04T10:49:49+00:00","dateModified":"2026-04-21T15:57:18+00:00","breadcrumb":{"@id":"https:\/\/www.adkomo.com\/fr\/linkedin-met-laccent-sur-le-contenu-sectoriel-et-lechange-de-connaissances\/#breadcrumb"},"inLanguage":"fr-FR","potentialAction":[{"@type":"ReadAction","target":["https:\/\/www.adkomo.com\/fr\/linkedin-met-laccent-sur-le-contenu-sectoriel-et-lechange-de-connaissances\/"]}]},{"@type":"ImageObject","inLanguage":"fr-FR","@id":"https:\/\/www.adkomo.com\/fr\/linkedin-met-laccent-sur-le-contenu-sectoriel-et-lechange-de-connaissances\/#primaryimage","url":"https:\/\/www.adkomo.com\/wp-content\/uploads\/2024\/03\/pexels-airam-datoon-16450744.jpg","contentUrl":"https:\/\/www.adkomo.com\/wp-content\/uploads\/2024\/03\/pexels-airam-datoon-16450744.jpg","width":1410,"height":971},{"@type":"BreadcrumbList","@id":"https:\/\/www.adkomo.com\/fr\/linkedin-met-laccent-sur-le-contenu-sectoriel-et-lechange-de-connaissances\/#breadcrumb","itemListElement":[{"@type":"ListItem","position":1,"name":"Home","item":"https:\/\/www.adkomo.com\/fr\/"},{"@type":"ListItem","position":2,"name":"LinkedIn met l\u2019accent sur le contenu sectoriel et l\u2019\u00e9change de connaissances"}]},{"@type":"WebSite","@id":"https:\/\/www.adkomo.com\/fr\/#website","url":"https:\/\/www.adkomo.com\/fr\/","name":"Adkomo","description":"","publisher":{"@id":"https:\/\/www.adkomo.com\/fr\/#organization"},"potentialAction":[{"@type":"SearchAction","target":{"@type":"EntryPoint","urlTemplate":"https:\/\/www.adkomo.com\/fr\/?s={search_term_string}"},"query-input":{"@type":"PropertyValueSpecification","valueRequired":true,"valueName":"search_term_string"}}],"inLanguage":"fr-FR"},{"@type":"Organization","@id":"https:\/\/www.adkomo.com\/fr\/#organization","name":"Adkomo","url":"https:\/\/www.adkomo.com\/fr\/","logo":{"@type":"ImageObject","inLanguage":"fr-FR","@id":"https:\/\/www.adkomo.com\/fr\/#\/schema\/logo\/image\/","url":"https:\/\/www.adkomo.com\/wp-content\/uploads\/2025\/04\/Adkomo-logo.svg","contentUrl":"https:\/\/www.adkomo.com\/wp-content\/uploads\/2025\/04\/Adkomo-logo.svg","caption":"Adkomo"},"image":{"@id":"https:\/\/www.adkomo.com\/fr\/#\/schema\/logo\/image\/"}},{"@type":"Person","@id":"https:\/\/www.adkomo.com\/fr\/#\/schema\/person\/7644795dc0eb395ebe1f8c4b3bc03826","name":"marketing_new","image":{"@type":"ImageObject","inLanguage":"fr-FR","@id":"https:\/\/secure.gravatar.com\/avatar\/56fa9e57fb50ba30eb12d5f4c19bd679275a766bf411aefb60daa499a79c5d32?s=96&d=mm&r=g","url":"https:\/\/secure.gravatar.com\/avatar\/56fa9e57fb50ba30eb12d5f4c19bd679275a766bf411aefb60daa499a79c5d32?s=96&d=mm&r=g","contentUrl":"https:\/\/secure.gravatar.com\/avatar\/56fa9e57fb50ba30eb12d5f4c19bd679275a766bf411aefb60daa499a79c5d32?s=96&d=mm&r=g","caption":"marketing_new"},"sameAs":["https:\/\/www.adkomo.com"],"url":"https:\/\/www.adkomo.com\/fr\/author\/marketing_new\/"}]}},"_links":{"self":[{"href":"https:\/\/www.adkomo.com\/fr\/wp-json\/wp\/v2\/posts\/243466","targetHints":{"allow":["GET"]}}],"collection":[{"href":"https:\/\/www.adkomo.com\/fr\/wp-json\/wp\/v2\/posts"}],"about":[{"href":"https:\/\/www.adkomo.com\/fr\/wp-json\/wp\/v2\/types\/post"}],"author":[{"embeddable":true,"href":"https:\/\/www.adkomo.com\/fr\/wp-json\/wp\/v2\/users\/1"}],"replies":[{"embeddable":true,"href":"https:\/\/www.adkomo.com\/fr\/wp-json\/wp\/v2\/comments?post=243466"}],"version-history":[{"count":1,"href":"https:\/\/www.adkomo.com\/fr\/wp-json\/wp\/v2\/posts\/243466\/revisions"}],"predecessor-version":[{"id":243467,"href":"https:\/\/www.adkomo.com\/fr\/wp-json\/wp\/v2\/posts\/243466\/revisions\/243467"}],"wp:featuredmedia":[{"embeddable":true,"href":"https:\/\/www.adkomo.com\/fr\/wp-json\/wp\/v2\/media\/243460"}],"wp:attachment":[{"href":"https:\/\/www.adkomo.com\/fr\/wp-json\/wp\/v2\/media?parent=243466"}],"wp:term":[{"taxonomy":"category","embeddable":true,"href":"https:\/\/www.adkomo.com\/fr\/wp-json\/wp\/v2\/categories?post=243466"},{"taxonomy":"post_tag","embeddable":true,"href":"https:\/\/www.adkomo.com\/fr\/wp-json\/wp\/v2\/tags?post=243466"}],"curies":[{"name":"wp","href":"https:\/\/api.w.org\/{rel}","templated":true}]}}