{"id":243558,"date":"2024-02-06T12:27:06","date_gmt":"2024-02-06T12:27:06","guid":{"rendered":"https:\/\/new.adkomo.com\/le-decennie-nadella-dun-geant-lent-a-un-leader-de-lia\/"},"modified":"2026-04-22T10:35:48","modified_gmt":"2026-04-22T10:35:48","slug":"le-decennie-nadella-dun-geant-lent-a-un-leader-de-lia","status":"publish","type":"post","link":"https:\/\/www.adkomo.com\/fr\/le-decennie-nadella-dun-geant-lent-a-un-leader-de-lia\/","title":{"rendered":"Le \u00ab d\u00e9cennie Nadella \u00bb : d\u2019un g\u00e9ant lent \u00e0 un leader de l\u2019IA"},"content":{"rendered":"\t\t<div data-elementor-type=\"wp-post\" data-elementor-id=\"243558\" class=\"elementor elementor-243558 elementor-3601\" data-elementor-post-type=\"post\">\n\t\t\t\t<div class=\"elementor-element elementor-element-e1f7877 e-flex e-con-boxed e-con e-parent\" data-id=\"e1f7877\" data-element_type=\"container\" data-e-type=\"container\">\n\t\t\t\t\t<div class=\"e-con-inner\">\n\t\t\t\t<div class=\"elementor-element elementor-element-04419c0 elementor-widget elementor-widget-text-editor\" data-id=\"04419c0\" data-element_type=\"widget\" data-e-type=\"widget\" data-widget_type=\"text-editor.default\">\n\t\t\t\t<div class=\"elementor-widget-container\">\n\t\t\t\t\t\t\t\t\t<p>Dix ans \u00e0 la t\u00eate de Microsoft, et Satya Nadella a guid\u00e9 le g\u00e9ant du logiciel \u00e0 travers une transformation remarquable. Fini le temps o\u00f9 l\u2019entreprise s\u2019appuyait uniquement sur Windows et ses revenus de licences : Microsoft a d\u00e9sormais adopt\u00e9 le cloud computing et l\u2019intelligence artificielle, ce qui l\u2019a propuls\u00e9e vers de nouveaux sommets. <\/p><p data-sourcepos=\"5:1-5:31\"><strong>Une fus\u00e9e en bourse :<\/strong><\/p><p data-sourcepos=\"7:1-7:384\">Depuis la prise de fonction de Nadella en 2014, l\u2019action Microsoft a grimp\u00e9 de plus de 1 000 %, surpassant largement la croissance du S&amp;P 500. L\u2019entreprise affiche d\u00e9sormais une capitalisation boursi\u00e8re sup\u00e9rieure \u00e0 3 000 milliards de dollars, d\u00e9passant m\u00eame Apple, son rival de longue date. Ce succ\u00e8s a valu \u00e0 Nadella d\u2019\u00eatre salu\u00e9 comme l\u2019architecte de \u00ab probablement la plus grande transformation d\u2019une entreprise technologique jamais r\u00e9alis\u00e9e \u00bb, selon des analystes du secteur.  <\/p><p data-sourcepos=\"9:1-9:27\"><strong>Plus que des chiffres :<\/strong><\/p><p data-sourcepos=\"11:1-11:457\">La transformation va au-del\u00e0 des r\u00e9sultats financiers. Nadella a instaur\u00e9 une culture plus collaborative, laissant derri\u00e8re lui la r\u00e9putation de Microsoft comme une entreprise dure et marqu\u00e9e par les tensions internes. Il met l\u2019accent sur l\u2019accessibilit\u00e9, influenc\u00e9 par son exp\u00e9rience personnelle en tant que p\u00e8re d\u2019un enfant en situation de handicap. Ce changement de valeurs a trouv\u00e9 un \u00e9cho aupr\u00e8s des employ\u00e9s, des partenaires et m\u00eame de petites startups comme Audio Radar, une entreprise d\u00e9veloppant une technologie de visualisation sonore pour les joueurs sourds et malentendants.   <\/p><p data-sourcepos=\"13:1-13:30\"><strong>L\u2019IA : cl\u00e9 de l\u2019avenir :<\/strong><\/p><p data-sourcepos=\"15:1-15:352\">L\u2019accent mis par Nadella sur l\u2019intelligence artificielle a jou\u00e9 un r\u00f4le central dans la r\u00e9cente ascension de Microsoft. L\u2019entreprise s\u2019est impos\u00e9e comme un leader dans ce domaine, d\u00e9finissant en partie la mani\u00e8re dont l\u2019IA peut \u00eatre utilis\u00e9e dans diff\u00e9rents secteurs. Le partenariat strat\u00e9gique de Nadella avec OpenAI, cr\u00e9ateur de ChatGPT, a \u00e9t\u00e9 un coup de ma\u00eetre, offrant \u00e0 Microsoft un avantage significatif sur ses concurrents comme Google et Amazon.  <\/p><p data-sourcepos=\"17:1-17:22\"><strong>Des d\u00e9fis persistent :<\/strong><\/p><p data-sourcepos=\"19:1-19:359\">Malgr\u00e9 ces r\u00e9ussites, Nadella doit encore faire face \u00e0 plusieurs d\u00e9fis. Les pr\u00e9occupations en mati\u00e8re de cybers\u00e9curit\u00e9 persistent, certains experts soulignant la tendance de Microsoft \u00e0 privil\u00e9gier la commodit\u00e9 au d\u00e9triment de la s\u00e9curit\u00e9. Les r\u00e9centes fuites de donn\u00e9es impliquant Microsoft Office 365 en sont un exemple inqui\u00e9tant. En outre, l\u2019entreprise reste sous la surveillance des r\u00e9gulateurs antitrust, rappelant les batailles men\u00e9es autrefois par Gates et Ballmer.   <\/p><p data-sourcepos=\"21:1-21:23\"><strong>Toujours en pleine forme :<\/strong><\/p><p data-sourcepos=\"23:1-23:179\">\u00c0 56 ans, sans signe de ralentissement, Nadella reste fermement aux commandes. Il appr\u00e9cie son r\u00f4le, et les analystes estiment qu\u2019il continuera \u00e0 diriger Microsoft dans cette p\u00e9riode de transformation. <\/p><p data-sourcepos=\"25:1-25:18\"><strong>Points cl\u00e9s :<\/strong><\/p><ul data-sourcepos=\"27:1-32:0\"><li data-sourcepos=\"27:1-27:93\">Le leadership de Nadella a transform\u00e9 Microsoft d\u2019un g\u00e9ant lent en leader de l\u2019IA.<\/li><li data-sourcepos=\"28:1-28:72\">Le cours de l\u2019action a fortement augment\u00e9, d\u00e9passant m\u00eame Apple en capitalisation.<\/li><li data-sourcepos=\"29:1-29:78\">Nadella a instaur\u00e9 une culture plus collaborative et ax\u00e9e sur l\u2019accessibilit\u00e9.<\/li><li data-sourcepos=\"30:1-30:85\">L\u2019IA est essentielle pour l\u2019avenir de Microsoft, avec le partenariat OpenAI comme avantage strat\u00e9gique.<\/li><li data-sourcepos=\"31:1-32:0\">La cybers\u00e9curit\u00e9 et les enqu\u00eates antitrust restent des d\u00e9fis importants.<\/li><\/ul>\t\t\t\t\t\t\t\t<\/div>\n\t\t\t\t<\/div>\n\t\t\t\t\t<\/div>\n\t\t\t\t<\/div>\n\t\t\t\t<\/div>\n\t\t","protected":false},"excerpt":{"rendered":"<p>Dix ans \u00e0 la t\u00eate de Microsoft, et Satya Nadella a guid\u00e9 le g\u00e9ant du logiciel \u00e0 travers une transformation remarquable. Fini le temps o\u00f9 l\u2019entreprise s\u2019appuyait uniquement sur Windows et ses revenus de licences : Microsoft a d\u00e9sormais adopt\u00e9 le cloud computing et l\u2019intelligence artificielle, ce qui l\u2019a propuls\u00e9e vers de nouveaux sommets. Une [&hellip;]<\/p>\n","protected":false},"author":1,"featured_media":243559,"comment_status":"open","ping_status":"open","sticky":false,"template":"","format":"standard","meta":{"footnotes":""},"categories":[83],"tags":[89],"class_list":["post-243558","post","type-post","status-publish","format-standard","has-post-thumbnail","hentry","category-actualites-du-secteur","tag-ai"],"yoast_head":"<!-- This site is optimized with the Yoast SEO plugin v27.2 - https:\/\/yoast.com\/product\/yoast-seo-wordpress\/ -->\n<title>Le \u00ab d\u00e9cennie Nadella \u00bb : d\u2019un g\u00e9ant lent \u00e0 un leader de l\u2019IA - Adkomo<\/title>\n<meta name=\"robots\" content=\"index, follow, max-snippet:-1, max-image-preview:large, max-video-preview:-1\" \/>\n<link rel=\"canonical\" href=\"https:\/\/www.adkomo.com\/fr\/le-decennie-nadella-dun-geant-lent-a-un-leader-de-lia\/\" \/>\n<meta property=\"og:locale\" content=\"fr_FR\" \/>\n<meta property=\"og:type\" content=\"article\" \/>\n<meta property=\"og:title\" content=\"Le \u00ab d\u00e9cennie Nadella \u00bb : d\u2019un g\u00e9ant lent \u00e0 un leader de l\u2019IA - Adkomo\" \/>\n<meta property=\"og:description\" content=\"Dix ans \u00e0 la t\u00eate de Microsoft, et Satya Nadella a guid\u00e9 le g\u00e9ant du logiciel \u00e0 travers une transformation remarquable. Fini le temps o\u00f9 l\u2019entreprise s\u2019appuyait uniquement sur Windows et ses revenus de licences : Microsoft a d\u00e9sormais adopt\u00e9 le cloud computing et l\u2019intelligence artificielle, ce qui l\u2019a propuls\u00e9e vers de nouveaux sommets. Une [&hellip;]\" \/>\n<meta property=\"og:url\" content=\"https:\/\/www.adkomo.com\/fr\/le-decennie-nadella-dun-geant-lent-a-un-leader-de-lia\/\" \/>\n<meta property=\"og:site_name\" content=\"Adkomo\" \/>\n<meta property=\"article:published_time\" content=\"2024-02-06T12:27:06+00:00\" \/>\n<meta property=\"article:modified_time\" content=\"2026-04-22T10:35:48+00:00\" \/>\n<meta property=\"og:image\" content=\"https:\/\/www.adkomo.com\/wp-content\/uploads\/2024\/02\/nadella.jpg\" \/>\n\t<meta property=\"og:image:width\" content=\"1410\" \/>\n\t<meta property=\"og:image:height\" content=\"971\" \/>\n\t<meta property=\"og:image:type\" content=\"image\/jpeg\" \/>\n<meta name=\"author\" content=\"marketing_new\" \/>\n<meta name=\"twitter:card\" content=\"summary_large_image\" \/>\n<meta name=\"twitter:label1\" content=\"\u00c9crit par\" \/>\n\t<meta name=\"twitter:data1\" content=\"marketing_new\" \/>\n\t<meta name=\"twitter:label2\" content=\"Dur\u00e9e de lecture estim\u00e9e\" \/>\n\t<meta name=\"twitter:data2\" content=\"3 minutes\" \/>\n<script type=\"application\/ld+json\" class=\"yoast-schema-graph\">{\"@context\":\"https:\/\/schema.org\",\"@graph\":[{\"@type\":\"Article\",\"@id\":\"https:\/\/www.adkomo.com\/fr\/le-decennie-nadella-dun-geant-lent-a-un-leader-de-lia\/#article\",\"isPartOf\":{\"@id\":\"https:\/\/www.adkomo.com\/fr\/le-decennie-nadella-dun-geant-lent-a-un-leader-de-lia\/\"},\"author\":{\"name\":\"marketing_new\",\"@id\":\"https:\/\/www.adkomo.com\/fr\/#\/schema\/person\/7644795dc0eb395ebe1f8c4b3bc03826\"},\"headline\":\"Le \u00ab d\u00e9cennie Nadella \u00bb : d\u2019un g\u00e9ant lent \u00e0 un leader de l\u2019IA\",\"datePublished\":\"2024-02-06T12:27:06+00:00\",\"dateModified\":\"2026-04-22T10:35:48+00:00\",\"mainEntityOfPage\":{\"@id\":\"https:\/\/www.adkomo.com\/fr\/le-decennie-nadella-dun-geant-lent-a-un-leader-de-lia\/\"},\"wordCount\":544,\"commentCount\":0,\"publisher\":{\"@id\":\"https:\/\/www.adkomo.com\/fr\/#organization\"},\"image\":{\"@id\":\"https:\/\/www.adkomo.com\/fr\/le-decennie-nadella-dun-geant-lent-a-un-leader-de-lia\/#primaryimage\"},\"thumbnailUrl\":\"https:\/\/www.adkomo.com\/wp-content\/uploads\/2024\/02\/nadella.jpg\",\"keywords\":[\"AI\"],\"articleSection\":[\"Actualit\u00e9s du secteur\"],\"inLanguage\":\"fr-FR\",\"potentialAction\":[{\"@type\":\"CommentAction\",\"name\":\"Comment\",\"target\":[\"https:\/\/www.adkomo.com\/fr\/le-decennie-nadella-dun-geant-lent-a-un-leader-de-lia\/#respond\"]}]},{\"@type\":\"WebPage\",\"@id\":\"https:\/\/www.adkomo.com\/fr\/le-decennie-nadella-dun-geant-lent-a-un-leader-de-lia\/\",\"url\":\"https:\/\/www.adkomo.com\/fr\/le-decennie-nadella-dun-geant-lent-a-un-leader-de-lia\/\",\"name\":\"Le \u00ab d\u00e9cennie Nadella \u00bb : d\u2019un g\u00e9ant lent \u00e0 un leader de l\u2019IA - Adkomo\",\"isPartOf\":{\"@id\":\"https:\/\/www.adkomo.com\/fr\/#website\"},\"primaryImageOfPage\":{\"@id\":\"https:\/\/www.adkomo.com\/fr\/le-decennie-nadella-dun-geant-lent-a-un-leader-de-lia\/#primaryimage\"},\"image\":{\"@id\":\"https:\/\/www.adkomo.com\/fr\/le-decennie-nadella-dun-geant-lent-a-un-leader-de-lia\/#primaryimage\"},\"thumbnailUrl\":\"https:\/\/www.adkomo.com\/wp-content\/uploads\/2024\/02\/nadella.jpg\",\"datePublished\":\"2024-02-06T12:27:06+00:00\",\"dateModified\":\"2026-04-22T10:35:48+00:00\",\"breadcrumb\":{\"@id\":\"https:\/\/www.adkomo.com\/fr\/le-decennie-nadella-dun-geant-lent-a-un-leader-de-lia\/#breadcrumb\"},\"inLanguage\":\"fr-FR\",\"potentialAction\":[{\"@type\":\"ReadAction\",\"target\":[\"https:\/\/www.adkomo.com\/fr\/le-decennie-nadella-dun-geant-lent-a-un-leader-de-lia\/\"]}]},{\"@type\":\"ImageObject\",\"inLanguage\":\"fr-FR\",\"@id\":\"https:\/\/www.adkomo.com\/fr\/le-decennie-nadella-dun-geant-lent-a-un-leader-de-lia\/#primaryimage\",\"url\":\"https:\/\/www.adkomo.com\/wp-content\/uploads\/2024\/02\/nadella.jpg\",\"contentUrl\":\"https:\/\/www.adkomo.com\/wp-content\/uploads\/2024\/02\/nadella.jpg\",\"width\":1410,\"height\":971},{\"@type\":\"BreadcrumbList\",\"@id\":\"https:\/\/www.adkomo.com\/fr\/le-decennie-nadella-dun-geant-lent-a-un-leader-de-lia\/#breadcrumb\",\"itemListElement\":[{\"@type\":\"ListItem\",\"position\":1,\"name\":\"Home\",\"item\":\"https:\/\/www.adkomo.com\/fr\/\"},{\"@type\":\"ListItem\",\"position\":2,\"name\":\"Le \u00ab d\u00e9cennie Nadella \u00bb : d\u2019un g\u00e9ant lent \u00e0 un leader de l\u2019IA\"}]},{\"@type\":\"WebSite\",\"@id\":\"https:\/\/www.adkomo.com\/fr\/#website\",\"url\":\"https:\/\/www.adkomo.com\/fr\/\",\"name\":\"Adkomo\",\"description\":\"\",\"publisher\":{\"@id\":\"https:\/\/www.adkomo.com\/fr\/#organization\"},\"potentialAction\":[{\"@type\":\"SearchAction\",\"target\":{\"@type\":\"EntryPoint\",\"urlTemplate\":\"https:\/\/www.adkomo.com\/fr\/?s={search_term_string}\"},\"query-input\":{\"@type\":\"PropertyValueSpecification\",\"valueRequired\":true,\"valueName\":\"search_term_string\"}}],\"inLanguage\":\"fr-FR\"},{\"@type\":\"Organization\",\"@id\":\"https:\/\/www.adkomo.com\/fr\/#organization\",\"name\":\"Adkomo\",\"url\":\"https:\/\/www.adkomo.com\/fr\/\",\"logo\":{\"@type\":\"ImageObject\",\"inLanguage\":\"fr-FR\",\"@id\":\"https:\/\/www.adkomo.com\/fr\/#\/schema\/logo\/image\/\",\"url\":\"https:\/\/www.adkomo.com\/wp-content\/uploads\/2025\/04\/Adkomo-logo.svg\",\"contentUrl\":\"https:\/\/www.adkomo.com\/wp-content\/uploads\/2025\/04\/Adkomo-logo.svg\",\"caption\":\"Adkomo\"},\"image\":{\"@id\":\"https:\/\/www.adkomo.com\/fr\/#\/schema\/logo\/image\/\"}},{\"@type\":\"Person\",\"@id\":\"https:\/\/www.adkomo.com\/fr\/#\/schema\/person\/7644795dc0eb395ebe1f8c4b3bc03826\",\"name\":\"marketing_new\",\"image\":{\"@type\":\"ImageObject\",\"inLanguage\":\"fr-FR\",\"@id\":\"https:\/\/secure.gravatar.com\/avatar\/56fa9e57fb50ba30eb12d5f4c19bd679275a766bf411aefb60daa499a79c5d32?s=96&d=mm&r=g\",\"url\":\"https:\/\/secure.gravatar.com\/avatar\/56fa9e57fb50ba30eb12d5f4c19bd679275a766bf411aefb60daa499a79c5d32?s=96&d=mm&r=g\",\"contentUrl\":\"https:\/\/secure.gravatar.com\/avatar\/56fa9e57fb50ba30eb12d5f4c19bd679275a766bf411aefb60daa499a79c5d32?s=96&d=mm&r=g\",\"caption\":\"marketing_new\"},\"sameAs\":[\"https:\/\/www.adkomo.com\"],\"url\":\"https:\/\/www.adkomo.com\/fr\/author\/marketing_new\/\"}]}<\/script>\n<!-- \/ Yoast SEO plugin. -->","yoast_head_json":{"title":"Le \u00ab d\u00e9cennie Nadella \u00bb : d\u2019un g\u00e9ant lent \u00e0 un leader de l\u2019IA - Adkomo","robots":{"index":"index","follow":"follow","max-snippet":"max-snippet:-1","max-image-preview":"max-image-preview:large","max-video-preview":"max-video-preview:-1"},"canonical":"https:\/\/www.adkomo.com\/fr\/le-decennie-nadella-dun-geant-lent-a-un-leader-de-lia\/","og_locale":"fr_FR","og_type":"article","og_title":"Le \u00ab d\u00e9cennie Nadella \u00bb : d\u2019un g\u00e9ant lent \u00e0 un leader de l\u2019IA - Adkomo","og_description":"Dix ans \u00e0 la t\u00eate de Microsoft, et Satya Nadella a guid\u00e9 le g\u00e9ant du logiciel \u00e0 travers une transformation remarquable. Fini le temps o\u00f9 l\u2019entreprise s\u2019appuyait uniquement sur Windows et ses revenus de licences : Microsoft a d\u00e9sormais adopt\u00e9 le cloud computing et l\u2019intelligence artificielle, ce qui l\u2019a propuls\u00e9e vers de nouveaux sommets. Une [&hellip;]","og_url":"https:\/\/www.adkomo.com\/fr\/le-decennie-nadella-dun-geant-lent-a-un-leader-de-lia\/","og_site_name":"Adkomo","article_published_time":"2024-02-06T12:27:06+00:00","article_modified_time":"2026-04-22T10:35:48+00:00","og_image":[{"width":1410,"height":971,"url":"https:\/\/www.adkomo.com\/wp-content\/uploads\/2024\/02\/nadella.jpg","type":"image\/jpeg"}],"author":"marketing_new","twitter_card":"summary_large_image","twitter_misc":{"\u00c9crit par":"marketing_new","Dur\u00e9e de lecture estim\u00e9e":"3 minutes"},"schema":{"@context":"https:\/\/schema.org","@graph":[{"@type":"Article","@id":"https:\/\/www.adkomo.com\/fr\/le-decennie-nadella-dun-geant-lent-a-un-leader-de-lia\/#article","isPartOf":{"@id":"https:\/\/www.adkomo.com\/fr\/le-decennie-nadella-dun-geant-lent-a-un-leader-de-lia\/"},"author":{"name":"marketing_new","@id":"https:\/\/www.adkomo.com\/fr\/#\/schema\/person\/7644795dc0eb395ebe1f8c4b3bc03826"},"headline":"Le \u00ab d\u00e9cennie Nadella \u00bb : d\u2019un g\u00e9ant lent \u00e0 un leader de l\u2019IA","datePublished":"2024-02-06T12:27:06+00:00","dateModified":"2026-04-22T10:35:48+00:00","mainEntityOfPage":{"@id":"https:\/\/www.adkomo.com\/fr\/le-decennie-nadella-dun-geant-lent-a-un-leader-de-lia\/"},"wordCount":544,"commentCount":0,"publisher":{"@id":"https:\/\/www.adkomo.com\/fr\/#organization"},"image":{"@id":"https:\/\/www.adkomo.com\/fr\/le-decennie-nadella-dun-geant-lent-a-un-leader-de-lia\/#primaryimage"},"thumbnailUrl":"https:\/\/www.adkomo.com\/wp-content\/uploads\/2024\/02\/nadella.jpg","keywords":["AI"],"articleSection":["Actualit\u00e9s du secteur"],"inLanguage":"fr-FR","potentialAction":[{"@type":"CommentAction","name":"Comment","target":["https:\/\/www.adkomo.com\/fr\/le-decennie-nadella-dun-geant-lent-a-un-leader-de-lia\/#respond"]}]},{"@type":"WebPage","@id":"https:\/\/www.adkomo.com\/fr\/le-decennie-nadella-dun-geant-lent-a-un-leader-de-lia\/","url":"https:\/\/www.adkomo.com\/fr\/le-decennie-nadella-dun-geant-lent-a-un-leader-de-lia\/","name":"Le \u00ab d\u00e9cennie Nadella \u00bb : d\u2019un g\u00e9ant lent \u00e0 un leader de l\u2019IA - Adkomo","isPartOf":{"@id":"https:\/\/www.adkomo.com\/fr\/#website"},"primaryImageOfPage":{"@id":"https:\/\/www.adkomo.com\/fr\/le-decennie-nadella-dun-geant-lent-a-un-leader-de-lia\/#primaryimage"},"image":{"@id":"https:\/\/www.adkomo.com\/fr\/le-decennie-nadella-dun-geant-lent-a-un-leader-de-lia\/#primaryimage"},"thumbnailUrl":"https:\/\/www.adkomo.com\/wp-content\/uploads\/2024\/02\/nadella.jpg","datePublished":"2024-02-06T12:27:06+00:00","dateModified":"2026-04-22T10:35:48+00:00","breadcrumb":{"@id":"https:\/\/www.adkomo.com\/fr\/le-decennie-nadella-dun-geant-lent-a-un-leader-de-lia\/#breadcrumb"},"inLanguage":"fr-FR","potentialAction":[{"@type":"ReadAction","target":["https:\/\/www.adkomo.com\/fr\/le-decennie-nadella-dun-geant-lent-a-un-leader-de-lia\/"]}]},{"@type":"ImageObject","inLanguage":"fr-FR","@id":"https:\/\/www.adkomo.com\/fr\/le-decennie-nadella-dun-geant-lent-a-un-leader-de-lia\/#primaryimage","url":"https:\/\/www.adkomo.com\/wp-content\/uploads\/2024\/02\/nadella.jpg","contentUrl":"https:\/\/www.adkomo.com\/wp-content\/uploads\/2024\/02\/nadella.jpg","width":1410,"height":971},{"@type":"BreadcrumbList","@id":"https:\/\/www.adkomo.com\/fr\/le-decennie-nadella-dun-geant-lent-a-un-leader-de-lia\/#breadcrumb","itemListElement":[{"@type":"ListItem","position":1,"name":"Home","item":"https:\/\/www.adkomo.com\/fr\/"},{"@type":"ListItem","position":2,"name":"Le \u00ab d\u00e9cennie Nadella \u00bb : d\u2019un g\u00e9ant lent \u00e0 un leader de l\u2019IA"}]},{"@type":"WebSite","@id":"https:\/\/www.adkomo.com\/fr\/#website","url":"https:\/\/www.adkomo.com\/fr\/","name":"Adkomo","description":"","publisher":{"@id":"https:\/\/www.adkomo.com\/fr\/#organization"},"potentialAction":[{"@type":"SearchAction","target":{"@type":"EntryPoint","urlTemplate":"https:\/\/www.adkomo.com\/fr\/?s={search_term_string}"},"query-input":{"@type":"PropertyValueSpecification","valueRequired":true,"valueName":"search_term_string"}}],"inLanguage":"fr-FR"},{"@type":"Organization","@id":"https:\/\/www.adkomo.com\/fr\/#organization","name":"Adkomo","url":"https:\/\/www.adkomo.com\/fr\/","logo":{"@type":"ImageObject","inLanguage":"fr-FR","@id":"https:\/\/www.adkomo.com\/fr\/#\/schema\/logo\/image\/","url":"https:\/\/www.adkomo.com\/wp-content\/uploads\/2025\/04\/Adkomo-logo.svg","contentUrl":"https:\/\/www.adkomo.com\/wp-content\/uploads\/2025\/04\/Adkomo-logo.svg","caption":"Adkomo"},"image":{"@id":"https:\/\/www.adkomo.com\/fr\/#\/schema\/logo\/image\/"}},{"@type":"Person","@id":"https:\/\/www.adkomo.com\/fr\/#\/schema\/person\/7644795dc0eb395ebe1f8c4b3bc03826","name":"marketing_new","image":{"@type":"ImageObject","inLanguage":"fr-FR","@id":"https:\/\/secure.gravatar.com\/avatar\/56fa9e57fb50ba30eb12d5f4c19bd679275a766bf411aefb60daa499a79c5d32?s=96&d=mm&r=g","url":"https:\/\/secure.gravatar.com\/avatar\/56fa9e57fb50ba30eb12d5f4c19bd679275a766bf411aefb60daa499a79c5d32?s=96&d=mm&r=g","contentUrl":"https:\/\/secure.gravatar.com\/avatar\/56fa9e57fb50ba30eb12d5f4c19bd679275a766bf411aefb60daa499a79c5d32?s=96&d=mm&r=g","caption":"marketing_new"},"sameAs":["https:\/\/www.adkomo.com"],"url":"https:\/\/www.adkomo.com\/fr\/author\/marketing_new\/"}]}},"_links":{"self":[{"href":"https:\/\/www.adkomo.com\/fr\/wp-json\/wp\/v2\/posts\/243558","targetHints":{"allow":["GET"]}}],"collection":[{"href":"https:\/\/www.adkomo.com\/fr\/wp-json\/wp\/v2\/posts"}],"about":[{"href":"https:\/\/www.adkomo.com\/fr\/wp-json\/wp\/v2\/types\/post"}],"author":[{"embeddable":true,"href":"https:\/\/www.adkomo.com\/fr\/wp-json\/wp\/v2\/users\/1"}],"replies":[{"embeddable":true,"href":"https:\/\/www.adkomo.com\/fr\/wp-json\/wp\/v2\/comments?post=243558"}],"version-history":[{"count":1,"href":"https:\/\/www.adkomo.com\/fr\/wp-json\/wp\/v2\/posts\/243558\/revisions"}],"predecessor-version":[{"id":243560,"href":"https:\/\/www.adkomo.com\/fr\/wp-json\/wp\/v2\/posts\/243558\/revisions\/243560"}],"wp:featuredmedia":[{"embeddable":true,"href":"https:\/\/www.adkomo.com\/fr\/wp-json\/wp\/v2\/media\/243559"}],"wp:attachment":[{"href":"https:\/\/www.adkomo.com\/fr\/wp-json\/wp\/v2\/media?parent=243558"}],"wp:term":[{"taxonomy":"category","embeddable":true,"href":"https:\/\/www.adkomo.com\/fr\/wp-json\/wp\/v2\/categories?post=243558"},{"taxonomy":"post_tag","embeddable":true,"href":"https:\/\/www.adkomo.com\/fr\/wp-json\/wp\/v2\/tags?post=243558"}],"curies":[{"name":"wp","href":"https:\/\/api.w.org\/{rel}","templated":true}]}}